{"id":3114,"date":"2015-06-29T19:49:57","date_gmt":"2015-06-29T18:49:57","guid":{"rendered":"http:\/\/irprout.it\/?p=3114"},"modified":"2015-07-01T11:46:10","modified_gmt":"2015-07-01T10:46:10","slug":"una-riforma-agraria-per-litalia","status":"publish","type":"post","link":"https:\/\/irprout.it\/?p=3114","title":{"rendered":"Una riforma Agraria per l\u2019Italia?"},"content":{"rendered":"<p><span style=\"color: #ffffff;\"><strong><span style=\"font-size: 28pt; font-family: tahoma, arial, helvetica, sans-serif; background-color: #ff6600;\">cooperare per salvare l&#8217;agricoltura italiana<\/span><\/strong><\/span><\/p>\n<p><span style=\"color: #000000;\"><strong><span style=\"font-size: 18pt;\">Definizione\u00a0degli\u00a0<span style=\"color: #008000;\">Appezzamenti Agricoli Sostenibili.<\/span><\/span><\/strong><\/span><\/p>\n<p><span style=\"font-size: 14pt; background-color: #99cc00;\"><a href=\"https:\/\/irprout.it\/wp-content\/uploads\/2014\/10\/ALBERO.jpg\"><img decoding=\"async\" class=\"size-full wp-image-2636 alignright lazyload\" data-src=\"https:\/\/irprout.it\/wp-content\/uploads\/2014\/10\/ALBERO.jpg\" alt=\"ALBERO\" width=\"250\" height=\"272\" src=\"data:image\/svg+xml;base64,PHN2ZyB3aWR0aD0iMSIgaGVpZ2h0PSIxIiB4bWxucz0iaHR0cDovL3d3dy53My5vcmcvMjAwMC9zdmciPjwvc3ZnPg==\" style=\"--smush-placeholder-width: 250px; --smush-placeholder-aspect-ratio: 250\/272;\" \/><\/a><\/span><\/p>\n<p>&nbsp;<\/p>\n<p><span style=\"font-size: 14pt; background-color: #99cc00;\">Da un po&#8217; di tempo ormai l&#8217;Europa sta giocando al ribasso su tutte le norme\u00a0sociali, economiche, alimentari, ambientali etc. che hanno regolato una collettivit\u00e0 sufficientemente civilizzata.<\/span><\/p>\n<p><span style=\"font-size: 14pt; background-color: #99cc00;\">Sappiamo pure che per i forti interessi economici in gioco, i poteri forti stanno facendo quadrato per ricavare sempre pi\u00f9 linfa vitale dalla societ\u00e0, hanno sparso ai quattro angoli della terra i loro tentacoli velenosi, per ottenere la supremazia socio-economica.<\/span><\/p>\n<p>L&#8217;Europa ha accettato e ogni paese ha firmato i Trattati WTO (TRIM, TRIP, GAT), sviluppati in 27.000 pagine, redatti da circa 400 multinazionali, spesso senza conoscere a fondo il loro contenuto. Infatti per l&#8217;Italia ha firmato Piero Fassino il quale, alla domanda perch\u00e9 avesse firmato per noi senza leggere nemmeno una riga, rispose: &#8220;Era un atto dovuto&#8221;. Di solito chi firma dal notaio legge bene il testo prima di accettare qualsiasi clausola.<\/p>\n<p>Sta di fatto che tutti i cambiamenti visti finora: privatizzazioni Acqua, Poste, ENI etc., eliminazione dell&#8217;articolo 18, importazioni selvagge anche dalla Cina di prodotti alimentari, delocalizzazioni, sono il frutto di questi trattati che stanno letteralmente mettendo in ginocchio il tessuto produttivo italiano e la sua popolazione.<\/p>\n<p>Il Fondo Monetario Internazionale (FMI) e il WTO lavorano in tandem: per entrare nel WTO ogni paese deve accettare le 160 regole del FMI, definite SAP (Programma di Adeguamento Strutturale). Se un paese vuole avere dei prestiti dalla Banca Mondiale, deve sottoscrivere le 160 regole del FMI. Questi organismi sono rappresentati della grosse banche mondiali, in particolari americane.<\/p>\n<p>Gli strumenti adottati dal FMI e gli eventuali risultati sono ben evidenziati dal FMI stesso e li vediamo in queste due diapositive.<\/p>\n<p><a href=\"https:\/\/irprout.it\/wp-content\/uploads\/2014\/10\/SAP1.gif\"><img decoding=\"async\" class=\"size-full wp-image-2128 aligncenter lazyload\" data-src=\"https:\/\/irprout.it\/wp-content\/uploads\/2014\/10\/SAP1.gif\" alt=\"SAP1\" width=\"600\" height=\"449\" src=\"data:image\/svg+xml;base64,PHN2ZyB3aWR0aD0iMSIgaGVpZ2h0PSIxIiB4bWxucz0iaHR0cDovL3d3dy53My5vcmcvMjAwMC9zdmciPjwvc3ZnPg==\" style=\"--smush-placeholder-width: 600px; --smush-placeholder-aspect-ratio: 600\/449;\" \/><\/a><\/p>\n<p>&nbsp;<\/p>\n<p><a href=\"https:\/\/irprout.it\/wp-content\/uploads\/2014\/10\/SAP2.gif\"><img decoding=\"async\" class=\"size-full wp-image-2127 aligncenter lazyload\" data-src=\"https:\/\/irprout.it\/wp-content\/uploads\/2014\/10\/SAP2.gif\" alt=\"SAP2\" width=\"600\" height=\"443\" src=\"data:image\/svg+xml;base64,PHN2ZyB3aWR0aD0iMSIgaGVpZ2h0PSIxIiB4bWxucz0iaHR0cDovL3d3dy53My5vcmcvMjAwMC9zdmciPjwvc3ZnPg==\" style=\"--smush-placeholder-width: 600px; --smush-placeholder-aspect-ratio: 600\/443;\" \/><\/a><\/p>\n<p>Il problema che si pone perci\u00f2 \u00e8 come sopravvivere alla destrutturazione sociale ed economica del nostro paese e degli altri paesi. Qualche cosa la Lega della Terra ha messo in campo: il De.CO, vale a dire la denominazione Comunale di ogni prodotto. Questo credo a significare che vi \u00e8 la necessit\u00e0 impellente di proteggere le nostre risorse locali dalla speculazione e la necessit\u00e0 di favorire uno sviluppo che parta da vicino per rimettere la barra dell\u2019economia a dritta.<\/p>\n<p>Nella teoria economica PROUT, si insiste sullo <strong>sviluppo locale<\/strong> con una strategia adeguata a fronteggiare le multinazionali: la creazione di <strong>\u201cZone Socio-Economiche Autosufficienti\u201d<\/strong>. Delle aree definite in base ad alcuni parametri essenziali: <strong>\u201cla produttivit\u00e0 della terra, risorse presenti, clima, topografia, sentimento di appartenenza\u00a0 sociale, livello di sviluppo economico\u201d, <\/strong>che diventino autosufficienti nella produzione delle necessit\u00e0 basilari all\u2019esistenza, che soddisfino i bisogni primari, senza dipendere da terzi. Certamente una autosufficienza aperta alle esportazioni del surplus, ma non all\u2019importazione di beni e servizi che possono essere prodotti o essere presenti in loco. Questa \u00e8 la stortura presente nell\u2019attuale meccanismo del WTO.<\/p>\n<p>Queste aree dovrebbero fare sistema e includere:<\/p>\n<ul>\n<li><strong>\u201cAppezzamenti Agricoli Sostenibili\u201d<\/strong>, somma di pi\u00f9 propriet\u00e0 agricole piccole, che lavoreranno col sistema di cooperazione\u2013coordinata e dove si possa realizzare l\u2019<strong>agricoltura integrata<\/strong>, vale a dire: <em>colture estensive, orticoltura, frutticoltura, floricoltura, apicoltura, sericoltura, piscicoltura, erbe medicinali, allevamento, prodotti caseari, anticrittogamici, industrie artigianali di trasformazione e macchinari, produzione di energia, legna, centri di ricerca e progetti per la conservazione dell\u2019acqua<\/em>.<\/li>\n<li><strong>Scuole di ogni grado e ordine<\/strong><\/li>\n<li>Attivit\u00e0 per la salute, attivit\u00e0 culturali \u2026<\/li>\n<\/ul>\n<p><a href=\"https:\/\/irprout.it\/wp-content\/uploads\/2014\/10\/agric-integrata.gif\"><img decoding=\"async\" class=\"wp-image-1370 aligncenter lazyload\" data-src=\"https:\/\/irprout.it\/wp-content\/uploads\/2014\/10\/agric-integrata.gif\" alt=\"agric-integrata\" width=\"604\" height=\"394\" src=\"data:image\/svg+xml;base64,PHN2ZyB3aWR0aD0iMSIgaGVpZ2h0PSIxIiB4bWxucz0iaHR0cDovL3d3dy53My5vcmcvMjAwMC9zdmciPjwvc3ZnPg==\" style=\"--smush-placeholder-width: 604px; --smush-placeholder-aspect-ratio: 604\/394;\" \/><\/a><\/p>\n<p>L\u2019<strong>agricoltura integrata<\/strong>, favorita dalla cooperazione di molti addetti ai lavori, renderebbe il settore <strong>altamente meccanizzabile, competitivo, efficiente,\u00a0 autosufficiente e sostenibile dal punto di vista economico<\/strong>. In effetti se un\u2019annata per uno dei su menzionati settori andasse male, il sistema sosterrebbe comunque i lavoratori\/trici componenti il progetto, attraverso la rendita degli altri settori.<\/p>\n<p>Inoltre si acquisterebbero ad es. 1 solo trattore invece di 10, 1 sola macchina operatrice invece di alcune etc. Si avrebbe pi\u00f9 peso nella contrattazione sui fertilizzanti, e maggiori ricavi nelle vendite ai consumatori locali. Infatti <strong>\u00e8 la grande distribuzione a strozzare i piccoli produttori<\/strong> \u2026<\/p>\n<p><strong>Nella UE in effetti il 95% circa delle aziende agricole, possiedono da 1 a 10 ettari di terreno agricolo coltivabile. Troppo piccole<\/strong> per avere una buona meccanizzazione e una sostenibilit\u00e0 economica. Il loro destino \u00e8 di essere fagocitate dai grossi capitali o multinazionali. In India in circa 10 anni, vi sono stati 250.000 suicidi di agricoltori a causa sia degli OGM, sia dell\u2019insostenibilit\u00e0 economica della propria attivit\u00e0. Gran parte delle loro attivit\u00e0 sono state vendute.<\/p>\n<p><strong>Questa \u00e8 una proposta strutturale e pratica per unire le forze, in modo tale che i piccoli e produttivi appezzamenti agricoli non vadano nelle mani di grossi gruppi industriali, il che potrebbe dare il colpo di grazia al settore primario da sempre colonna portante dello sviluppo socio-economico italiano.<\/strong><\/p>\n<p>Tarcisio Bonotto<br \/>\n29\/06\/2015<\/p>\n<p>&nbsp;<\/p>\n","protected":false},"excerpt":{"rendered":"<p>cooperare per salvare l&#8217;agricoltura italiana Definizione\u00a0degli\u00a0Appezzamenti Agricoli Sostenibili. &nbsp; Da un po&#8217; di tempo ormai l&#8217;Europa sta giocando al ribasso su tutte le norme\u00a0sociali, economiche, alimentari, ambientali etc. che hanno regolato una collettivit\u00e0 sufficientemente civilizzata. Sappiamo pure che per i forti interessi economici in gioco, i poteri forti stanno facendo <span class=\"excerpt-dots\">&hellip;<\/span> <a class=\"more-link\" href=\"https:\/\/irprout.it\/?p=3114\"><span class=\"more-msg\">Continua a leggere<\/span><\/a><\/p>\n","protected":false},"author":3,"featured_media":0,"comment_status":"open","ping_status":"closed","sticky":false,"template":"","format":"standard","meta":{"ngg_post_thumbnail":0,"footnotes":""},"categories":[7,5,43,19,1],"tags":[],"class_list":["post-3114","post","type-post","status-publish","format-standard","hentry","category-economia","category-italia","category-newsletter","category-ricerca_economica","category-uncategorized"],"yoast_head":"<!-- This site is optimized with the Yoast SEO plugin v26.6 - https:\/\/yoast.com\/wordpress\/plugins\/seo\/ -->\n<title>Una riforma Agraria per l\u2019Italia? - Istituto di Ricerca Prout<\/title>\n<meta name=\"robots\" content=\"index, follow, max-snippet:-1, max-image-preview:large, max-video-preview:-1\" \/>\n<link rel=\"canonical\" href=\"https:\/\/irprout.it\/?p=3114\" \/>\n<meta property=\"og:locale\" content=\"it_IT\" \/>\n<meta property=\"og:type\" content=\"article\" \/>\n<meta property=\"og:title\" content=\"Una riforma Agraria per l\u2019Italia? - Istituto di Ricerca Prout\" \/>\n<meta property=\"og:description\" content=\"cooperare per salvare l&#8217;agricoltura italiana Definizione\u00a0degli\u00a0Appezzamenti Agricoli Sostenibili. &nbsp; Da un po&#8217; di tempo ormai l&#8217;Europa sta giocando al ribasso su tutte le norme\u00a0sociali, economiche, alimentari, ambientali etc. che hanno regolato una collettivit\u00e0 sufficientemente civilizzata. Sappiamo pure che per i forti interessi economici in gioco, i poteri forti stanno facendo &hellip; Continua a leggere\" \/>\n<meta property=\"og:url\" content=\"https:\/\/irprout.it\/?p=3114\" \/>\n<meta property=\"og:site_name\" content=\"Istituto di Ricerca Prout\" \/>\n<meta property=\"article:author\" content=\"https:\/\/it-it.facebook.com\/IRPROUT\" \/>\n<meta property=\"article:published_time\" content=\"2015-06-29T18:49:57+00:00\" \/>\n<meta property=\"article:modified_time\" content=\"2015-07-01T10:46:10+00:00\" \/>\n<meta property=\"og:image\" content=\"http:\/\/irprout.it\/wp-content\/uploads\/2014\/10\/ALBERO.jpg\" \/>\n<meta name=\"author\" content=\"Tarcisio Bonotto\" \/>\n<meta name=\"twitter:label1\" content=\"Scritto da\" \/>\n\t<meta name=\"twitter:data1\" content=\"Tarcisio Bonotto\" \/>\n\t<meta name=\"twitter:label2\" content=\"Tempo di lettura stimato\" \/>\n\t<meta name=\"twitter:data2\" content=\"4 minuti\" \/>\n<script type=\"application\/ld+json\" class=\"yoast-schema-graph\">{\"@context\":\"https:\/\/schema.org\",\"@graph\":[{\"@type\":\"Article\",\"@id\":\"https:\/\/irprout.it\/?p=3114#article\",\"isPartOf\":{\"@id\":\"https:\/\/irprout.it\/?p=3114\"},\"author\":{\"name\":\"Tarcisio Bonotto\",\"@id\":\"https:\/\/irprout.it\/#\/schema\/person\/c29256b88f25238a0a5436e1dbe26555\"},\"headline\":\"Una riforma Agraria per l\u2019Italia?\",\"datePublished\":\"2015-06-29T18:49:57+00:00\",\"dateModified\":\"2015-07-01T10:46:10+00:00\",\"mainEntityOfPage\":{\"@id\":\"https:\/\/irprout.it\/?p=3114\"},\"wordCount\":758,\"commentCount\":0,\"publisher\":{\"@id\":\"https:\/\/irprout.it\/#organization\"},\"image\":{\"@id\":\"https:\/\/irprout.it\/?p=3114#primaryimage\"},\"thumbnailUrl\":\"http:\/\/irprout.it\/wp-content\/uploads\/2014\/10\/ALBERO.jpg\",\"articleSection\":[\"Economia\",\"Italia\",\"newsletter\",\"Ricerca Economica\",\"Uncategorized\"],\"inLanguage\":\"it-IT\",\"potentialAction\":[{\"@type\":\"CommentAction\",\"name\":\"Comment\",\"target\":[\"https:\/\/irprout.it\/?p=3114#respond\"]}]},{\"@type\":\"WebPage\",\"@id\":\"https:\/\/irprout.it\/?p=3114\",\"url\":\"https:\/\/irprout.it\/?p=3114\",\"name\":\"Una riforma Agraria per l\u2019Italia? - Istituto di Ricerca Prout\",\"isPartOf\":{\"@id\":\"https:\/\/irprout.it\/#website\"},\"primaryImageOfPage\":{\"@id\":\"https:\/\/irprout.it\/?p=3114#primaryimage\"},\"image\":{\"@id\":\"https:\/\/irprout.it\/?p=3114#primaryimage\"},\"thumbnailUrl\":\"http:\/\/irprout.it\/wp-content\/uploads\/2014\/10\/ALBERO.jpg\",\"datePublished\":\"2015-06-29T18:49:57+00:00\",\"dateModified\":\"2015-07-01T10:46:10+00:00\",\"breadcrumb\":{\"@id\":\"https:\/\/irprout.it\/?p=3114#breadcrumb\"},\"inLanguage\":\"it-IT\",\"potentialAction\":[{\"@type\":\"ReadAction\",\"target\":[\"https:\/\/irprout.it\/?p=3114\"]}]},{\"@type\":\"ImageObject\",\"inLanguage\":\"it-IT\",\"@id\":\"https:\/\/irprout.it\/?p=3114#primaryimage\",\"url\":\"https:\/\/irprout.it\/wp-content\/uploads\/2014\/10\/ALBERO.jpg\",\"contentUrl\":\"https:\/\/irprout.it\/wp-content\/uploads\/2014\/10\/ALBERO.jpg\",\"width\":250,\"height\":272},{\"@type\":\"BreadcrumbList\",\"@id\":\"https:\/\/irprout.it\/?p=3114#breadcrumb\",\"itemListElement\":[{\"@type\":\"ListItem\",\"position\":1,\"name\":\"Home\",\"item\":\"https:\/\/irprout.it\/\"},{\"@type\":\"ListItem\",\"position\":2,\"name\":\"Una riforma Agraria per l\u2019Italia?\"}]},{\"@type\":\"WebSite\",\"@id\":\"https:\/\/irprout.it\/#website\",\"url\":\"https:\/\/irprout.it\/\",\"name\":\"Istituto di Ricerca Prout\",\"description\":\"Istituto di Ricerca Prout\",\"publisher\":{\"@id\":\"https:\/\/irprout.it\/#organization\"},\"potentialAction\":[{\"@type\":\"SearchAction\",\"target\":{\"@type\":\"EntryPoint\",\"urlTemplate\":\"https:\/\/irprout.it\/?s={search_term_string}\"},\"query-input\":{\"@type\":\"PropertyValueSpecification\",\"valueRequired\":true,\"valueName\":\"search_term_string\"}}],\"inLanguage\":\"it-IT\"},{\"@type\":\"Organization\",\"@id\":\"https:\/\/irprout.it\/#organization\",\"name\":\"Istituto di Ricerca Prout\",\"url\":\"https:\/\/irprout.it\/\",\"logo\":{\"@type\":\"ImageObject\",\"inLanguage\":\"it-IT\",\"@id\":\"https:\/\/irprout.it\/#\/schema\/logo\/image\/\",\"url\":\"http:\/\/irprout.it\/wp-content\/uploads\/2014\/10\/logo_IRP_albero300Cor.jpg\",\"contentUrl\":\"http:\/\/irprout.it\/wp-content\/uploads\/2014\/10\/logo_IRP_albero300Cor.jpg\",\"width\":303,\"height\":304,\"caption\":\"Istituto di Ricerca Prout\"},\"image\":{\"@id\":\"https:\/\/irprout.it\/#\/schema\/logo\/image\/\"}},{\"@type\":\"Person\",\"@id\":\"https:\/\/irprout.it\/#\/schema\/person\/c29256b88f25238a0a5436e1dbe26555\",\"name\":\"Tarcisio Bonotto\",\"image\":{\"@type\":\"ImageObject\",\"inLanguage\":\"it-IT\",\"@id\":\"https:\/\/irprout.it\/#\/schema\/person\/image\/\",\"url\":\"https:\/\/secure.gravatar.com\/avatar\/8a341cc2c6188834b6220892d8c7f44835b971a191e4b4c7f0bdcf998648bf79?s=96&d=mm&r=g\",\"contentUrl\":\"https:\/\/secure.gravatar.com\/avatar\/8a341cc2c6188834b6220892d8c7f44835b971a191e4b4c7f0bdcf998648bf79?s=96&d=mm&r=g\",\"caption\":\"Tarcisio Bonotto\"},\"sameAs\":[\"http:\/\/irprout.it,www.prout.it\",\"https:\/\/it-it.facebook.com\/IRPROUT\",\"https:\/\/x.com\/#tarcisio.bonotto\"],\"url\":\"https:\/\/irprout.it\/?author=3\"}]}<\/script>\n<!-- \/ Yoast SEO plugin. -->","yoast_head_json":{"title":"Una riforma Agraria per l\u2019Italia? - Istituto di Ricerca Prout","robots":{"index":"index","follow":"follow","max-snippet":"max-snippet:-1","max-image-preview":"max-image-preview:large","max-video-preview":"max-video-preview:-1"},"canonical":"https:\/\/irprout.it\/?p=3114","og_locale":"it_IT","og_type":"article","og_title":"Una riforma Agraria per l\u2019Italia? - Istituto di Ricerca Prout","og_description":"cooperare per salvare l&#8217;agricoltura italiana Definizione\u00a0degli\u00a0Appezzamenti Agricoli Sostenibili. &nbsp; Da un po&#8217; di tempo ormai l&#8217;Europa sta giocando al ribasso su tutte le norme\u00a0sociali, economiche, alimentari, ambientali etc. che hanno regolato una collettivit\u00e0 sufficientemente civilizzata. Sappiamo pure che per i forti interessi economici in gioco, i poteri forti stanno facendo &hellip; Continua a leggere","og_url":"https:\/\/irprout.it\/?p=3114","og_site_name":"Istituto di Ricerca Prout","article_author":"https:\/\/it-it.facebook.com\/IRPROUT","article_published_time":"2015-06-29T18:49:57+00:00","article_modified_time":"2015-07-01T10:46:10+00:00","og_image":[{"url":"http:\/\/irprout.it\/wp-content\/uploads\/2014\/10\/ALBERO.jpg","type":"","width":"","height":""}],"author":"Tarcisio Bonotto","twitter_misc":{"Scritto da":"Tarcisio Bonotto","Tempo di lettura stimato":"4 minuti"},"schema":{"@context":"https:\/\/schema.org","@graph":[{"@type":"Article","@id":"https:\/\/irprout.it\/?p=3114#article","isPartOf":{"@id":"https:\/\/irprout.it\/?p=3114"},"author":{"name":"Tarcisio Bonotto","@id":"https:\/\/irprout.it\/#\/schema\/person\/c29256b88f25238a0a5436e1dbe26555"},"headline":"Una riforma Agraria per l\u2019Italia?","datePublished":"2015-06-29T18:49:57+00:00","dateModified":"2015-07-01T10:46:10+00:00","mainEntityOfPage":{"@id":"https:\/\/irprout.it\/?p=3114"},"wordCount":758,"commentCount":0,"publisher":{"@id":"https:\/\/irprout.it\/#organization"},"image":{"@id":"https:\/\/irprout.it\/?p=3114#primaryimage"},"thumbnailUrl":"http:\/\/irprout.it\/wp-content\/uploads\/2014\/10\/ALBERO.jpg","articleSection":["Economia","Italia","newsletter","Ricerca Economica","Uncategorized"],"inLanguage":"it-IT","potentialAction":[{"@type":"CommentAction","name":"Comment","target":["https:\/\/irprout.it\/?p=3114#respond"]}]},{"@type":"WebPage","@id":"https:\/\/irprout.it\/?p=3114","url":"https:\/\/irprout.it\/?p=3114","name":"Una riforma Agraria per l\u2019Italia? - Istituto di Ricerca Prout","isPartOf":{"@id":"https:\/\/irprout.it\/#website"},"primaryImageOfPage":{"@id":"https:\/\/irprout.it\/?p=3114#primaryimage"},"image":{"@id":"https:\/\/irprout.it\/?p=3114#primaryimage"},"thumbnailUrl":"http:\/\/irprout.it\/wp-content\/uploads\/2014\/10\/ALBERO.jpg","datePublished":"2015-06-29T18:49:57+00:00","dateModified":"2015-07-01T10:46:10+00:00","breadcrumb":{"@id":"https:\/\/irprout.it\/?p=3114#breadcrumb"},"inLanguage":"it-IT","potentialAction":[{"@type":"ReadAction","target":["https:\/\/irprout.it\/?p=3114"]}]},{"@type":"ImageObject","inLanguage":"it-IT","@id":"https:\/\/irprout.it\/?p=3114#primaryimage","url":"https:\/\/irprout.it\/wp-content\/uploads\/2014\/10\/ALBERO.jpg","contentUrl":"https:\/\/irprout.it\/wp-content\/uploads\/2014\/10\/ALBERO.jpg","width":250,"height":272},{"@type":"BreadcrumbList","@id":"https:\/\/irprout.it\/?p=3114#breadcrumb","itemListElement":[{"@type":"ListItem","position":1,"name":"Home","item":"https:\/\/irprout.it\/"},{"@type":"ListItem","position":2,"name":"Una riforma Agraria per l\u2019Italia?"}]},{"@type":"WebSite","@id":"https:\/\/irprout.it\/#website","url":"https:\/\/irprout.it\/","name":"Istituto di Ricerca Prout","description":"Istituto di Ricerca Prout","publisher":{"@id":"https:\/\/irprout.it\/#organization"},"potentialAction":[{"@type":"SearchAction","target":{"@type":"EntryPoint","urlTemplate":"https:\/\/irprout.it\/?s={search_term_string}"},"query-input":{"@type":"PropertyValueSpecification","valueRequired":true,"valueName":"search_term_string"}}],"inLanguage":"it-IT"},{"@type":"Organization","@id":"https:\/\/irprout.it\/#organization","name":"Istituto di Ricerca Prout","url":"https:\/\/irprout.it\/","logo":{"@type":"ImageObject","inLanguage":"it-IT","@id":"https:\/\/irprout.it\/#\/schema\/logo\/image\/","url":"http:\/\/irprout.it\/wp-content\/uploads\/2014\/10\/logo_IRP_albero300Cor.jpg","contentUrl":"http:\/\/irprout.it\/wp-content\/uploads\/2014\/10\/logo_IRP_albero300Cor.jpg","width":303,"height":304,"caption":"Istituto di Ricerca Prout"},"image":{"@id":"https:\/\/irprout.it\/#\/schema\/logo\/image\/"}},{"@type":"Person","@id":"https:\/\/irprout.it\/#\/schema\/person\/c29256b88f25238a0a5436e1dbe26555","name":"Tarcisio Bonotto","image":{"@type":"ImageObject","inLanguage":"it-IT","@id":"https:\/\/irprout.it\/#\/schema\/person\/image\/","url":"https:\/\/secure.gravatar.com\/avatar\/8a341cc2c6188834b6220892d8c7f44835b971a191e4b4c7f0bdcf998648bf79?s=96&d=mm&r=g","contentUrl":"https:\/\/secure.gravatar.com\/avatar\/8a341cc2c6188834b6220892d8c7f44835b971a191e4b4c7f0bdcf998648bf79?s=96&d=mm&r=g","caption":"Tarcisio Bonotto"},"sameAs":["http:\/\/irprout.it,www.prout.it","https:\/\/it-it.facebook.com\/IRPROUT","https:\/\/x.com\/#tarcisio.bonotto"],"url":"https:\/\/irprout.it\/?author=3"}]}},"_links":{"self":[{"href":"https:\/\/irprout.it\/index.php?rest_route=\/wp\/v2\/posts\/3114","targetHints":{"allow":["GET"]}}],"collection":[{"href":"https:\/\/irprout.it\/index.php?rest_route=\/wp\/v2\/posts"}],"about":[{"href":"https:\/\/irprout.it\/index.php?rest_route=\/wp\/v2\/types\/post"}],"author":[{"embeddable":true,"href":"https:\/\/irprout.it\/index.php?rest_route=\/wp\/v2\/users\/3"}],"replies":[{"embeddable":true,"href":"https:\/\/irprout.it\/index.php?rest_route=%2Fwp%2Fv2%2Fcomments&post=3114"}],"version-history":[{"count":15,"href":"https:\/\/irprout.it\/index.php?rest_route=\/wp\/v2\/posts\/3114\/revisions"}],"predecessor-version":[{"id":3126,"href":"https:\/\/irprout.it\/index.php?rest_route=\/wp\/v2\/posts\/3114\/revisions\/3126"}],"wp:attachment":[{"href":"https:\/\/irprout.it\/index.php?rest_route=%2Fwp%2Fv2%2Fmedia&parent=3114"}],"wp:term":[{"taxonomy":"category","embeddable":true,"href":"https:\/\/irprout.it\/index.php?rest_route=%2Fwp%2Fv2%2Fcategories&post=3114"},{"taxonomy":"post_tag","embeddable":true,"href":"https:\/\/irprout.it\/index.php?rest_route=%2Fwp%2Fv2%2Ftags&post=3114"}],"curies":[{"name":"wp","href":"https:\/\/api.w.org\/{rel}","templated":true}]}}