{"id":3260,"date":"2015-09-25T11:37:43","date_gmt":"2015-09-25T10:37:43","guid":{"rendered":"http:\/\/irprout.it\/?p=3260"},"modified":"2015-12-19T11:28:03","modified_gmt":"2015-12-19T10:28:03","slug":"limpresa-aggregata-una-risposta-ai-problemi-dellagricoltura-italiana","status":"publish","type":"post","link":"https:\/\/irprout.it\/?p=3260","title":{"rendered":"L\u2019impresa agricola aggregata: una risposta ai problemi dell\u2019agricoltura italiana"},"content":{"rendered":"<div class=\"field field-name-field-issueid field-type-entityreference field-label-hidden\">\n<div class=\"field-items\">\n<div class=\"field-item even\">di\u00a0<a href=\"http:\/\/agriregionieuropa.univpm.it\/content\/person\/elisa-montresor\">Elisa Montresor<\/a><sup>\u00a0<\/sup><\/div>\n<\/div>\n<h1><strong><span style=\"font-size: 26pt; font-family: tahoma, arial, helvetica, sans-serif; color: #ffffff; background-color: #ff6600;\">l\u2019impresa aggregata: una risposta ai problemi dell\u2019agricoltura italiana<\/span><\/strong><\/h1>\n<p><span style=\"color: #000000; font-size: 14pt; background-color: #99cc00;\">Una risposta ai problemi strutturali dell\u2019agricoltura arriva dall\u2019aggregazione delle imprese&#8230;\u00a0contenuta nel decreto legislativo n. 99 del 2004, che ha introdotto una nuova forma societaria, la <em>societ\u00e0 agricola<\/em>,&#8230;\u00a0In base alle nuove norme la <em>societ\u00e0 agricola<\/em> pu\u00f2 esercitare attivit\u00e0 che vanno dalla trasformazione alla <a class=\"lexicon-term\" style=\"color: #000000; background-color: #99cc00;\" title=\"Si intende l&amp;rsquo;attivit\u00e0 di vendita di prodotti aziendali primari o trasformati svolta verso il mercato sia nazionale sia estero (esportazioni). I prodotti commercializzati possono anche deri [...]\" href=\"http:\/\/agriregionieuropa.univpm.it\/glossario-pac\/commercializzazione\">commercializzazione<\/a> fino alla fornitura di servizi.\u00a0<\/span><\/p>\n<p><span style=\"font-size: 12pt; background-color: #d1cfcf;\"><img decoding=\"async\" class=\"size-full wp-image-3265 aligncenter lazyload\" data-src=\"https:\/\/irprout.it\/wp-content\/uploads\/2015\/09\/agricoltura11.jpg\" alt=\"agricoltura11\" width=\"597\" height=\"352\" data-srcset=\"https:\/\/irprout.it\/wp-content\/uploads\/2015\/09\/agricoltura11.jpg 597w, https:\/\/irprout.it\/wp-content\/uploads\/2015\/09\/agricoltura11-300x177.jpg 300w, https:\/\/irprout.it\/wp-content\/uploads\/2015\/09\/agricoltura11-500x295.jpg 500w\" data-sizes=\"(max-width: 597px) 100vw, 597px\" src=\"data:image\/svg+xml;base64,PHN2ZyB3aWR0aD0iMSIgaGVpZ2h0PSIxIiB4bWxucz0iaHR0cDovL3d3dy53My5vcmcvMjAwMC9zdmciPjwvc3ZnPg==\" style=\"--smush-placeholder-width: 597px; --smush-placeholder-aspect-ratio: 597\/352;\" \/><\/span><\/p>\n<p class=\"t2\" style=\"text-align: left;\"><span style=\"font-size: 12pt; background-color: #d1cfcf;\">\u00a0In Italia ed Europa il 95% delle aziende agricole \u00e8 molto frazionato e occupano un&#8217;area da 1 ettaro a 10 ettari complessivi. Troppo poco per essere remunerative, sostenibili e produttive secondo le necessit\u00e0 dei nostri giorni. Per la loro dimensione ridotta infatti non riescono a\u00a0meccanizzarsi e sono fagocitate da poteri economici forti che spesso nulla hanno a che fare con l&#8217;agricoltura. (IRP)<\/span><\/p>\n<hr \/>\n<p class=\"t2\" style=\"text-align: left;\">\n<\/div>\n<div class=\"field field-name-field-article-body field-type-text-long field-label-hidden\">\n<div class=\"field-items\">\n<div class=\"field-item even\">\n<p class=\"t2\"><span style=\"font-size: 16pt; font-family: tahoma, arial, helvetica, sans-serif; color: #ffffff; background-color: #ff6600;\">\u00a0Alcune note introduttive\u00a0<\/span><\/p>\n<p class=\"paragrafo\"><span style=\"background-color: #99cc00;\"><strong>Il sistema agroalimentare italiano presenta alcune peculiarit\u00e0<\/strong><\/span> riconducibili da un lato alla sua <span style=\"background-color: #99cc00;\"><strong>complessit\u00e0<\/strong><\/span>, dall\u2019altro alla sua forte <strong><span style=\"background-color: #99cc00;\">eterogeneit\u00e0<\/span><\/strong>. La complessit\u00e0, che si ritrova anche nelle altre realt\u00e0 europee, deriva dal forte processo di integrazione fra le diverse componenti del sistema, dall\u2019agricoltura all\u2019industria di trasformazione, alla <a class=\"lexicon-term\" title=\"L&amp;rsquo;impresa che possiede punti vendita operanti nella forma di supermercato, ipermercato, hard discount, grande magazzino, altra impresa specializzata di grande superficie. \" href=\"http:\/\/agriregionieuropa.univpm.it\/glossario-pac\/grande-distribuzione-organizzata-gdo\">grande distribuzione<\/a>, fino ai rapporti con il consumo finale e la <a class=\"lexicon-term\" title=\"il World Food Summit nel 1996 ha definito la sicurezza alimentare come la situazione in cui tutte le persone, in ogni momento, hanno accesso fisico, sociale ed economico ad alimenti sufficienti, [...]\" href=\"http:\/\/agriregionieuropa.univpm.it\/glossario-pac\/sicurezza-alimentare\">sicurezza alimentare<\/a>, ma anche dall\u2019affermarsi di collegamenti sempre pi\u00f9 stretti con gli altri paesi, in particolare europei, con un notevole <strong>incremento degli scambi di beni agricoli e alimentari, che hanno reso la realt\u00e0 italiana sempre pi\u00f9 aperta verso l\u2019esterno.<\/strong><\/p>\n<p class=\"paragrafo\"><strong>La forte eterogeneit\u00e0 deriva dalle profonde differenziazioni struttali e territoriali, esistenti nella realt\u00e0 italiana,<\/strong> che si riflettono in misura rilevante sulle interrelazioni prima accennate. Le differenziazioni riguardano le strutture, i livelli di trasformazione incorporati nei beni alimentari che comportano organizzazioni differenti, le diverse modalit\u00e0 con cui le imprese e territori si rapportano alla distribuzione e ai rilevanti mutamenti della domanda alimentare. Eterogeneit\u00e0 e complessit\u00e0 possono rappresentare un punto di forza o un punto di debolezza nella ricerca di nuove competitivit\u00e0 del sistema agroalimentare italiano nel nuovo scenario dell\u2019Unione Europea allargata, ma dipendono in misura sostanziale dalle politiche adottate ai differenti livelli, nazionale, regionale e locale.<\/p>\n<p class=\"paragrafo\"><span style=\"background-color: #99cc00;\"><strong>Un aspetto critico dell\u2019agricoltura italiana \u00e8 senz\u2019altro quello relativo al mancato ammodernamento delle strutture aziendali nel corso degli ultimi decenni.<\/strong> <\/span>Il numero delle imprese agricole \u00e8 assai pi\u00f9 limitato rispetto all\u2019universo aziendale censito, ma permane comunque una loro limitata dimensione fisica ed economica e ci\u00f2 pu\u00f2 avere importanti riflessi nella ricerca di nuove opportunit\u00e0 competitive per l\u2019agricoltura italiana. Soltanto le imprese di pi\u00f9 grandi dimensioni hanno e avranno infatti la capacit\u00e0 di adottare innovazioni tecnologiche, di inserirsi nelle filiere agroalimentari e di attuare efficienti strategie produttive, con una progressiva diminuzione dei <a class=\"lexicon-term\" title=\"Sono costi aggiuntivi rispetto al prezzo che vengono sostenuti per il trasferimento di beni e servizi tra diversi attori economici. Essi includono i costi di negoziazione (quelli che servono a t [...]\" href=\"http:\/\/agriregionieuropa.univpm.it\/glossario-pac\/costi-di-transazione\">costi di transazione<\/a> interni, nonch\u00e9 di fronteggiare efficacemente le ripercussioni delle politiche comunitarie.<br \/>\n<span style=\"background-color: #99cc00;\"><strong>Le cause del mancato ammodernamento strutturale sono molteplici<\/strong><\/span>: dalle norme relative alla successione ereditaria che non tengono conto della specificit\u00e0 dell\u2019azienda\/<a class=\"lexicon-term\" title=\"Nella definizione dell&amp;#39;Istat l&amp;#39;impresa \u00e8 una &amp;quot;unit\u00e0 giuridico-economica che produce beni e servizi destinabili alla vendita e che in base alle leggi vigenti o a proprie norme statut [...]\" href=\"http:\/\/agriregionieuropa.univpm.it\/glossario-pac\/impresa\">impresa<\/a> agricola, alle quotazioni elevate dei terreni nel mercato fondiario, che impediscono l\u2019ampliamento delle superfici attraverso l\u2019affitto o l\u2019acquisto. Ma il mancato ammodernamento va anche ricercato nel forte impatto delle politiche comunitarie protezionistiche, che spesso hanno piuttosto prodotto la ricerca di flessibilit\u00e0 nell\u2019utilizzazione del capitale umano (pluriattivit\u00e0) e nella organizzazione dei processi produttivi (<a class=\"lexicon-term\" title=\"Per contoterzismo attivo si intende l&amp;rsquo;attivit\u00e0 svolta in altre aziende agricole con l&amp;rsquo;utilizzo di mezzi meccanici di propriet\u00e0 o di compropriet\u00e0 dell&amp;rsquo;azienda con propria manodo [...]\" href=\"http:\/\/agriregionieuropa.univpm.it\/glossario-pac\/contoterzismo\">contoterzismo<\/a>).<\/p>\n<p class=\"paragrafo\"><strong><span style=\"background-color: #99cc00;\">Non esistono analisi approfondite delle tipologie aziendali esistenti nell\u2019agricoltura italiana in base ai dati censuari del 2000<\/span><\/strong>, a parte i lavori di Russo, Sabbatini (2005) e di Sotte (2006), in Agriregionieuropa n.5 <a href=\"http:\/\/agriregionieuropa.univpm.it\/dettart.php?id_articolo=111\" target=\"_blank\"><span style=\"color: green;\"><strong>[link]<\/strong><\/span><\/a>, rispetto al dettaglio raggiunto nei decenni precedenti (Fabiani, Gorgoni, 1973; Fabiani, Scarano, 1995, Fanfani, 1986, Montresor, 2000).<\/p>\n<p class=\"paragrafo\">Ci\u00f2 rappresenta una grave lacuna, in quanto poco sappiamo delle loro nuove peculiarit\u00e0 e vulnerabilit\u00e0, degli effetti derivanti dalla diminuzione delle politiche di protezione e dall&#8217;andamento dei mercati, con ripercussioni sui loro redditi e in alcuni casi sulla loro persistenza. Dalle indagini condotte sulla presenza di giovani conduttori (Sotte, Carbone, Corsi in Agriregionieuropa, n.2, 2005 <a href=\"http:\/\/agriregionieuropa.univpm.it\/dettart.php?id_articolo=58\" target=\"_blank\"><span style=\"color: green;\"><strong>[link]<\/strong><\/span><\/a>) risulta che l\u2019impresa agricola italiana, di dimensioni fisiche ed economiche limitate e con scarsa propensione agli investimenti, \u00e8 in larga prevalenza \u201canziana\u201d. Pi\u00f9 che in altri paesi europei questa situazione \u00e8 frutto della mancanza di prospettive occupazionali e di reddito per i giovani, ma poco sappiamo sul potenziale ricambio generazionale nelle famiglie agricole a livello territoriale. Gi\u00e0 negli anni Novanta il quadro della <a class=\"lexicon-term\" title=\"Ai fini del Censimento per famiglia si intende un insieme di persone legate da vincoli di matrimonio, parentela, affinit\u00e0, adozione, tutela o da vincoli affettivi coabitanti ed aventi dimora abi [...]\" href=\"http:\/\/agriregionieuropa.univpm.it\/glossario-pac\/famiglia\">famiglia<\/a> agricola metteva in evidenza la forte riduzione della sua numerosit\u00e0, con adeguamento alle tendenze demografiche pi\u00f9 generali del paese.<\/p>\n<p class=\"t2\"><span style=\"font-size: 16pt; color: #ffffff; background-color: #ff6600;\">\u00a0Le forme di aggregazione delle imprese agricole\u00a0<\/span><\/p>\n<p class=\"paragrafo\"><span style=\"background-color: #99cc00;\">Una risposta ai problemi strutturali dell\u2019agricoltura arriva dall\u2019aggregazione delle imprese, cio\u00e8 dai nuovi strumenti di sviluppo messi a disposizione delle aziende agricole per lo sviluppo di nuove strategie orientate alla competitivit\u00e0.<\/span><br \/>\nLe fonti di queste nuove forme di aggregazione si trovano nelle importanti novit\u00e0 contenute nel decreto legislativo n. 99 del 2004, che ha introdotto una nuova forma societaria, la <em>societ\u00e0 agricola<\/em>, ma anche nella riforma del diritto societario, entrata in vigore dal 2004, e nelle semplificazioni introdotte con il decreto legislativo n. 102 del 2005 per le Organizzazioni di produttori <strong>(1)<\/strong>.<\/p>\n<p class=\"paragrafo\">In base alle nuove norme la <em>societ\u00e0 agricola<\/em> pu\u00f2 esercitare non solo le attivit\u00e0 previste dall\u2019art. 2135 del Codice civile per l\u2019imprenditore agricolo, ma anche, in base al decreto legislativo 228\/2001, tutta una serie di <a class=\"lexicon-term\" title=\"Le attivit\u00e0 connesse sono attivit\u00e0 remunerative svolte in azienda e direttamente collegate ad essa che comportano l&amp;rsquo;utilizzo delle risorse dell&amp;rsquo;azienda (superficie, fabbricati, macch [...]\" href=\"http:\/\/agriregionieuropa.univpm.it\/glossario-pac\/attivita-connesse\">attivit\u00e0 connesse<\/a>, che vanno dalla trasformazione alla <a class=\"lexicon-term\" title=\"Si intende l&amp;rsquo;attivit\u00e0 di vendita di prodotti aziendali primari o trasformati svolta verso il mercato sia nazionale sia estero (esportazioni). I prodotti commercializzati possono anche deri [...]\" href=\"http:\/\/agriregionieuropa.univpm.it\/glossario-pac\/commercializzazione\">commercializzazione<\/a> fino alla fornitura di servizi. Nell\u2019esercizio di queste attivit\u00e0 l\u2019impresa aggregata pu\u00f2 usufruire delle agevolazioni fiscali <strong>(2)<\/strong>, delle procedure burocratiche semplificate, degli specifici interventi di sostegno previsti per i coltivatori diretti.<\/p>\n<p class=\"paragrafo\"><span style=\"background-color: #99cc00;\"><strong>Le <em>societ\u00e0 agricole<\/em> possono infatti assumere la qualifica di <a class=\"lexicon-term\" style=\"background-color: #99cc00;\" title=\"E&amp;#39; imprenditore agricolo chi esercita una delle seguenti attivit\u00e0: coltivazione del fondo, selvicoltura, allevamento di animali e attivit\u00e0 connesse. Per coltivazione del fondo, per selvicolt [...]\" href=\"http:\/\/agriregionieuropa.univpm.it\/glossario-pac\/imprenditore-agricolo\">imprenditore agricolo<\/a> professionale, con i relativi benefici,<\/strong><\/span> purch\u00e9, se societ\u00e0 di persone, almeno un socio e, se societ\u00e0 di capitali, un amministratore siano imprenditori agricoli professionali (cio\u00e8 dedichino almeno il 50% del loro tempo all\u2019azienda e ricavino almeno il 50% del suo reddito da tale attivit\u00e0). Le societ\u00e0 possono essere di persone (semplici, in nome collettivo, in accomandita semplice); di capitali (per azioni, a responsabilit\u00e0 limitata, accomandita per azioni), cooperative (a mutualit\u00e0 prevalente o meno)<strong> (3)<\/strong>, consorzi (con attivit\u00e0 esterna e interna).<\/p>\n<p class=\"paragrafo\"><strong><span style=\"background-color: #99cc00;\">L\u2019aggregazione delle imprese pu\u00f2 avvenire attraverso due modalit\u00e0.<\/span><\/strong> La prima \u00e8 quella che prevede forme di collaborazione, senza la perdita di identit\u00e0, da parte delle singole imprese che decidono di adottare strategie comuni per l\u2019utilizzo dei fattori produttivi o per singole fasi produttive o per l\u2019accesso al mercato o, infine, per la condivisione di alcune idee imprenditoriali. La seconda modalit\u00e0 \u00e8 quella che si concretizza nella nascita di un nuovo soggetto, senza ripercussioni sugli aspetti di carattere patrimoniale; si tratta di un\u2019impresa di maggiori dimensioni che consente una migliore efficienza nell\u2019utilizzo dei fattori produttivi e una maggiore redditivit\u00e0 rispetto alle singole imprese aggregate.<\/p>\n<p class=\"paragrafo\">Una recente indagine, condotta a livello nazionale, dalla societ\u00e0 Agri2000 <strong>(4)<\/strong> ha messo in luce le principali peculiarit\u00e0 delle imprese aggregate presenti nella realt\u00e0 italiana. Si tratta di imprese diffuse in larga parte nelle regioni settentrionali, che operano prevalentemente nella <a class=\"lexicon-term\" title=\"Si intende l&amp;rsquo;attivit\u00e0 di vendita di prodotti aziendali primari o trasformati svolta verso il mercato sia nazionale sia estero (esportazioni). I prodotti commercializzati possono anche deri [...]\" href=\"http:\/\/agriregionieuropa.univpm.it\/glossario-pac\/commercializzazione\">commercializzazione<\/a> diretta dei prodotti (35% delle unit\u00e0 rilevate), seguita dalla gestione di terreni e di allevamenti (25%) e dalla trasformazione (15%); altre attivit\u00e0 sono la gestione dei servizi, della manodopera, l\u2019acquisto e la gestione comune dei mezzi tecnici, nonch\u00e9 la valorizzazione dei prodotti.<\/p>\n<p class=\"paragrafo\"><span style=\"background-color: #99cc00;\"><strong>Sotto un profilo settoriale, i comparti pi\u00f9 coinvolti sono quello zootecnico, seguito da quello ortofrutticolo.<\/strong><\/span> Le modalit\u00e0 di aggregazione sono le pi\u00f9 diversificate, anche se la maggior parte delle aggregazioni predilige la forma cooperativa (40% dei casi), soprattutto nella forma di piccola societ\u00e0 cooperativa, e la societ\u00e0 semplice (20%). Minore diffusione hanno invece le societ\u00e0 di capitali e le associazioni, in genere per la valorizzazione dei prodotti, le societ\u00e0 di persone e gli accordi scritti.<\/p>\n<p class=\"t2\"><span style=\"font-size: 16pt; color: #ffffff; background-color: #ff6600;\">\u00a0Le opportunit\u00e0 ed i limiti dei nuovi strumenti di aggregazione\u00a0<\/span><\/p>\n<p class=\"paragrafo\"><img decoding=\"async\" class=\"size-full wp-image-3266 aligncenter lazyload\" data-src=\"https:\/\/irprout.it\/wp-content\/uploads\/2015\/09\/agricoltura33.jpg\" alt=\"agricoltura33\" width=\"600\" height=\"413\" data-srcset=\"https:\/\/irprout.it\/wp-content\/uploads\/2015\/09\/agricoltura33.jpg 600w, https:\/\/irprout.it\/wp-content\/uploads\/2015\/09\/agricoltura33-300x207.jpg 300w, https:\/\/irprout.it\/wp-content\/uploads\/2015\/09\/agricoltura33-436x300.jpg 436w\" data-sizes=\"(max-width: 600px) 100vw, 600px\" src=\"data:image\/svg+xml;base64,PHN2ZyB3aWR0aD0iMSIgaGVpZ2h0PSIxIiB4bWxucz0iaHR0cDovL3d3dy53My5vcmcvMjAwMC9zdmciPjwvc3ZnPg==\" style=\"--smush-placeholder-width: 600px; --smush-placeholder-aspect-ratio: 600\/413;\" \/>Le opportunit\u00e0 offerte da questi nuovi strumenti di aggregazione delle strutture agricole sono numerosi; essi consentono infatti:<\/p>\n<ul>\n<li class=\"paragrafo\"><strong>il raggiungimento di maggiori economie di scala, superando i limiti della singola azienda, con conseguente diminuzione dei costi di produzione;<\/strong><\/li>\n<li class=\"paragrafo\"><strong>una maggiore possibilit\u00e0 di accesso al <a class=\"lexicon-term\" title=\"Impieghi totali delle banche Sofferenze.\" href=\"http:\/\/agriregionieuropa.univpm.it\/glossario-pac\/credito\">credito<\/a>, facilitando gli investimenti aziendali e le innovazioni tecnologiche, aspetti cruciali nell\u2019attuale fase dello sviluppo;<\/strong><\/li>\n<li class=\"paragrafo\"><strong>un incremento della specializzazione in determinate produzioni e in determinati processi produttivi per le singole unit\u00e0 e, al tempo stesso, un aumento della diversificazione delle produzioni e dei servizi (prodotti di qualit\u00e0, agriturismo, il che comporta una maggiore flessibilit\u00e0 produttiva dell\u2019impresa aggregata, fondamentale importanza per fronteggiare la concorrenza in un mercato sempre pi\u00f9 aperto;<\/strong><\/li>\n<li class=\"paragrafo\"><strong>l\u2019incremento della redditivit\u00e0 agricola, soprattutto nel caso della vendita diretta, in quanto il maggiore <a class=\"lexicon-term\" title=\" &amp;quot;Ai prezzi base&amp;quot;: \u00e8 il saldo tra la produzione e i consumi intermedi, in cui la produzione \u00e8 valutata ai prezzi di base, cio\u00e8 al netto delle imposte sui prodotti e al lordo dei cont [...]\" href=\"http:\/\/agriregionieuropa.univpm.it\/glossario-pac\/valore-aggiunto\">valore aggiunto<\/a> viene trattenuto dalla componente agricola, a scapito degli operatori a valle della filiera.<\/strong><\/li>\n<\/ul>\n<p>&nbsp;<\/p>\n<p class=\"paragrafo\"><span style=\"font-size: 16pt; font-family: tahoma, arial, helvetica, sans-serif; color: #ffffff; background-color: #ff6600;\">\u00a0I limiti sono essenzialmente di due ordini\u00a0<\/span><\/p>\n<p class=\"paragrafo\">Il primo \u00e8 intrinseco agli strumenti adottati.<span style=\"background-color: #99cc00;\"> <strong>L\u2019aggregazione pu\u00f2 infatti non assumere caratteri di stabilit\u00e0 nel tempo, in quanto si basa sulla fiducia e sulla costruzione del consenso da parte dei singoli imprenditori, che possono venire meno in un arco temporale di medio o lungo periodo<\/strong><\/span>. Le strategie adottate possono essere cos\u00ec, per alcuni aspetti, riduttive rispetto alle potenzialit\u00e0, ma ci\u00f2 dipende anche dalla scelta della forma societaria prescelta.<br \/>\n<span style=\"background-color: #99cc00;\"><strong>Il secondo limite \u00e8 di carattere pi\u00f9 generale. Questo nuovo quadro normativo si rivolge alle imprese che presentano aspetti potenziali di vitalit\u00e0.<\/strong><\/span> Queste potenzialit\u00e0 si trovano nelle aziende con giovani conduttori o in cui vi sia un ricambio generazionale e le strategie imprenditoriali siano rivolte alla permanenza nel settore agricolo. In base alle considerazioni svolte in precedenza, poco sappiamo delle realt\u00e0 presenti nei differenti contesti territoriali e ci\u00f2 pu\u00f2 ostacolare l\u2019adozione delle opportune misure di supporto a livello locale e regionale.<br \/>\nNon solo nella fase della sua creazione, ma anche nella gestione, l\u2019impresa aggregata necessita di un\u2019azione incisiva da parte delle istituzioni locali per servizi sia di carattere generale (ad esempio la formazione del capitale umano), sia pi\u00f9 specifici (supporto tecnico). La scelta di operare insieme implica una dettagliata indagine delle caratteristiche strutturali delle aziende coinvolte ed una verifica puntuale delle potenzialit\u00e0 delle strategie adottate, nonch\u00e9 un\u2019attenzione particolare alla modalit\u00e0 di aggregazione prescelte. L\u2019aggregazione delle imprese rischia dunque di non essere utilizzata nelle aree pi\u00f9 deboli del paese, con minore densit\u00e0 istituzionale, in cui un\u2019ampia quota di territorio deve raggiungere adeguate condizioni di vita economica, sociale e ambientale.<\/p>\n<p class=\"paragrafo\"><span style=\"font-size: 14pt; color: #000000; background-color: #99cc00;\"><strong>Nonostante questi limiti, l\u2019impresa aggregata pu\u00f2 rappresentare una risposta ai problemi dell\u2019agricoltura italiana.<\/strong> <\/span><\/p>\n<p class=\"paragrafo\">Non a caso questo strumento \u00e8 stato posto al centro dell\u2019attenzione nei <a class=\"lexicon-term\" title=\"Gli interventi strutturali per l&amp;#39;agricoltura e lo sviluppo rurale sono finanziati a seconda dell&amp;#39;ambito di programmazione da due distinte fonti: Feoga - Garanzia e Feoga- Orientamento. I [...]\" href=\"http:\/\/agriregionieuropa.univpm.it\/glossario-pac\/piani-di-sviluppo-rurale-psr\">Piani di Sviluppo Rurale <\/a>(ne sono esempi Emilia-Romagna e Veneto), gli interventi dovranno essere i pi\u00f9 flessibili, in modo da adattarsi al mosaico delle situazioni presenti. Questo percorso rinvia alla necessit\u00e0 in precedenza accennata: gli economisti agrari debbono riprendere le indagini sulle differenti tipologie esistenti, per comprenderne le differenti capacit\u00e0 di risposta alle molte funzioni che la societ\u00e0 rivolge al settore primario.<\/p>\n<p class=\"t2\"><span style=\"font-size: 12pt; background-color: #d4d2d2;\"><strong>Note<\/strong><\/span><\/p>\n<p class=\"autore\"><strong>(1)<\/strong> Questo provvedimento ha ridotto a 5 il numero minimo di produttori e il volume di produzione dei soci che pu\u00f2 essere commercializzato direttamente, pari a 3 milioni di Euro.<br \/>\n<strong>(2)<\/strong> Le <a class=\"lexicon-term\" title=\"Le attivit\u00e0 connesse sono attivit\u00e0 remunerative svolte in azienda e direttamente collegate ad essa che comportano l&amp;rsquo;utilizzo delle risorse dell&amp;rsquo;azienda (superficie, fabbricati, macch [...]\" href=\"http:\/\/agriregionieuropa.univpm.it\/glossario-pac\/attivita-connesse\">attivit\u00e0 connesse<\/a> sono soggette a tassazione come redditi agrari, non pi\u00f9 come redditi di <a class=\"lexicon-term\" title=\"Nella definizione dell&amp;#39;Istat l&amp;#39;impresa \u00e8 una &amp;quot;unit\u00e0 giuridico-economica che produce beni e servizi destinabili alla vendita e che in base alle leggi vigenti o a proprie norme statut [...]\" href=\"http:\/\/agriregionieuropa.univpm.it\/glossario-pac\/impresa\">impresa<\/a>. Per i servizi svolti in altre aziende con mezzi provenienti dall\u2019impresa agricola \u00e8 previsto un regime forfetario di tassazione.<br \/>\n<strong>(3)<\/strong> Le cooperative sono a mutualit\u00e0 prevalente quando o le attivit\u00e0 svolte (vendita di beni e di servizi) o le prestazioni di lavoro dei soci o gli apporti di beni e di servi sono prevalenti. Nel caso della cooperativa agricola la prevalenza fa riferimento anche alla quantit\u00e0 dei beni conferiti, anzich\u00e9 al valore degli stessi.<br \/>\n<strong>(4)<\/strong> Agri2000 e\u2019 una societ\u00e0 di servizi, ricerca e sperimentazione per il settore agroalimentare e per l\u2019ambiente: <a href=\"http:\/\/www.agri2000.it\/\">http:\/\/www.agri2000.it\/<\/a><\/p>\n<p class=\"t2\">Riferimenti bibliografici<\/p>\n<ul>\n<li class=\"paragrafo\">Corsi A., Carbone A., Sotte F., \u201cGiovani e <a class=\"lexicon-term\" title=\"Nella definizione dell&amp;#39;Istat l&amp;#39;impresa \u00e8 una &amp;quot;unit\u00e0 giuridico-economica che produce beni e servizi destinabili alla vendita e che in base alle leggi vigenti o a proprie norme statut [...]\" href=\"http:\/\/agriregionieuropa.univpm.it\/glossario-pac\/impresa\">impresa<\/a> in agricoltura\u201d, <em>Agriregionieuropa<\/em>, n. 2., 2005\u00a0<a href=\"http:\/\/agriregionieuropa.univpm.it\/dettart.php?id_articolo=58\" target=\"_blank\"><span style=\"color: green;\"><strong>[link]<\/strong><\/span><\/a><\/li>\n<li class=\"paragrafo\">Fabiani G., Gorgoni M., \u201cUn\u2019analisi delle strutture dell\u2019agricoltura italiana\u201d, <em>Rivista di Economia Agraria<\/em>, n. 6, 1973<\/li>\n<li class=\"paragrafo\">Fabiani G., Scarano G., \u201cUna stratificazione socio-economica delle aziende agricole: pluralismo funzionale e sviluppo territoriale\u201d,<em>La Questione Agraria<\/em>, n. 59, 1995<\/li>\n<li class=\"paragrafo\">Fanfani R., &#8220;Le aziende agrarie negli ultimi cinquanta anni&#8221;, in <em>La Questione Agraria<\/em>, n. 23, 1986<\/li>\n<li class=\"paragrafo\">Montresor E., \u201cL\u2019articolazione territoriale nell\u2019agricoltura italiana\u201d, in Fanfani R., Montresor E. (eds), <em>La struttura sociale dell\u2019agricoltura italiana verso il 2000<\/em>, Franco Angeli, Milano, 2000<\/li>\n<li class=\"paragrafo\">Russo C., Sabbatini M., \u201cAnalisi esplorativa delle differenziazioni strategiche nelle aziende agricole\u201d, <em>Rivista di Economia Agraria<\/em>, n. 4, 2005<\/li>\n<li class=\"paragrafo\">Sotte F., \u201cQuante sono le imprese agricole in Italia\u201d, Agriregionieuropa, n. 5, 2006\u00a0<a href=\"http:\/\/agriregionieuropa.univpm.it\/dettart.php?id_articolo=111\" target=\"_blank\"><span style=\"color: green;\"><strong>[link]<\/strong><\/span><\/a><\/li>\n<\/ul>\n<div class=\"field field-name-field-issueid field-type-entityreference field-label-hidden\">\n<div class=\"field-items\">\n<div class=\"field-item even\">\n<hr \/>\n<\/div>\n<div class=\"field-item even\">di\u00a0<a href=\"http:\/\/agriregionieuropa.univpm.it\/content\/person\/elisa-montresor\">Elisa Montresor<\/a><sup>\u00a0<\/sup><\/div>\n<\/div>\n<\/div>\n<div class=\"field field-name-field-affiliazioni-autore field-type-computed field-label-hidden\">\n<div class=\"field-items\">\n<div class=\"field-item even\">\n<div id=\"campoaffiliazioni\">\n<div id=\"affiliazioni\"><a href=\"http:\/\/agriregionieuropa.univpm.it\/organizzazioni\/universita-di-verona\">Universit\u00e0 di Verona<\/a>, <span class=\"detaffiliation\">Dipartimento di Economie, Societ\u00e0 e Istituzioni<\/span><\/div>\n<\/div>\n<\/div>\n<\/div>\n<\/div>\n<div class=\"field field-name-field-barometer-imgs field-type-computed field-label-hidden\"><a href=\"http:\/\/agriregionieuropa.univpm.it\/content\/issue\/31\/agriregionieuropa-anno-3-ndeg8-mar-2007\">Agriregionieuropa anno 3 n\u00b08, Mar 2007<\/a><\/div>\n<\/div>\n<\/div>\n<\/div>\n","protected":false},"excerpt":{"rendered":"<p>di\u00a0Elisa Montresor\u00a0 l\u2019impresa aggregata: una risposta ai problemi dell\u2019agricoltura italiana Una risposta ai problemi strutturali dell\u2019agricoltura arriva dall\u2019aggregazione delle imprese&#8230;\u00a0contenuta nel decreto legislativo n. 99 del 2004, che ha introdotto una nuova forma societaria, la societ\u00e0 agricola,&#8230;\u00a0In base alle nuove norme la societ\u00e0 agricola pu\u00f2 esercitare attivit\u00e0 che vanno dalla <span class=\"excerpt-dots\">&hellip;<\/span> <a class=\"more-link\" href=\"https:\/\/irprout.it\/?p=3260\"><span class=\"more-msg\">Continua a leggere<\/span><\/a><\/p>\n","protected":false},"author":3,"featured_media":0,"comment_status":"closed","ping_status":"closed","sticky":false,"template":"","format":"standard","meta":{"ngg_post_thumbnail":0,"footnotes":""},"categories":[27,7,5,19],"tags":[],"class_list":["post-3260","post","type-post","status-publish","format-standard","hentry","category-articoli","category-economia","category-italia","category-ricerca_economica"],"yoast_head":"<!-- This site is optimized with the Yoast SEO plugin v26.6 - https:\/\/yoast.com\/wordpress\/plugins\/seo\/ -->\n<title>L\u2019impresa agricola aggregata: una risposta ai problemi dell\u2019agricoltura italiana - Istituto di Ricerca Prout<\/title>\n<meta name=\"robots\" content=\"index, follow, max-snippet:-1, max-image-preview:large, max-video-preview:-1\" \/>\n<link rel=\"canonical\" href=\"https:\/\/irprout.it\/?p=3260\" \/>\n<meta property=\"og:locale\" content=\"it_IT\" \/>\n<meta property=\"og:type\" content=\"article\" \/>\n<meta property=\"og:title\" content=\"L\u2019impresa agricola aggregata: una risposta ai problemi dell\u2019agricoltura italiana - Istituto di Ricerca Prout\" \/>\n<meta property=\"og:description\" content=\"di\u00a0Elisa Montresor\u00a0 l\u2019impresa aggregata: una risposta ai problemi dell\u2019agricoltura italiana Una risposta ai problemi strutturali dell\u2019agricoltura arriva dall\u2019aggregazione delle imprese&#8230;\u00a0contenuta nel decreto legislativo n. 99 del 2004, che ha introdotto una nuova forma societaria, la societ\u00e0 agricola,&#8230;\u00a0In base alle nuove norme la societ\u00e0 agricola pu\u00f2 esercitare attivit\u00e0 che vanno dalla &hellip; Continua a leggere\" \/>\n<meta property=\"og:url\" content=\"https:\/\/irprout.it\/?p=3260\" \/>\n<meta property=\"og:site_name\" content=\"Istituto di Ricerca Prout\" \/>\n<meta property=\"article:author\" content=\"https:\/\/it-it.facebook.com\/IRPROUT\" \/>\n<meta property=\"article:published_time\" content=\"2015-09-25T10:37:43+00:00\" \/>\n<meta property=\"article:modified_time\" content=\"2015-12-19T10:28:03+00:00\" \/>\n<meta property=\"og:image\" content=\"http:\/\/irprout.it\/wp-content\/uploads\/2015\/09\/agricoltura11.jpg\" \/>\n<meta name=\"author\" content=\"Tarcisio Bonotto\" \/>\n<meta name=\"twitter:label1\" content=\"Scritto da\" \/>\n\t<meta name=\"twitter:data1\" content=\"Tarcisio Bonotto\" \/>\n\t<meta name=\"twitter:label2\" content=\"Tempo di lettura stimato\" \/>\n\t<meta name=\"twitter:data2\" content=\"10 minuti\" \/>\n<script type=\"application\/ld+json\" class=\"yoast-schema-graph\">{\"@context\":\"https:\/\/schema.org\",\"@graph\":[{\"@type\":\"Article\",\"@id\":\"https:\/\/irprout.it\/?p=3260#article\",\"isPartOf\":{\"@id\":\"https:\/\/irprout.it\/?p=3260\"},\"author\":{\"name\":\"Tarcisio Bonotto\",\"@id\":\"https:\/\/irprout.it\/#\/schema\/person\/c29256b88f25238a0a5436e1dbe26555\"},\"headline\":\"L\u2019impresa agricola aggregata: una risposta ai problemi dell\u2019agricoltura italiana\",\"datePublished\":\"2015-09-25T10:37:43+00:00\",\"dateModified\":\"2015-12-19T10:28:03+00:00\",\"mainEntityOfPage\":{\"@id\":\"https:\/\/irprout.it\/?p=3260\"},\"wordCount\":2017,\"publisher\":{\"@id\":\"https:\/\/irprout.it\/#organization\"},\"image\":{\"@id\":\"https:\/\/irprout.it\/?p=3260#primaryimage\"},\"thumbnailUrl\":\"http:\/\/irprout.it\/wp-content\/uploads\/2015\/09\/agricoltura11.jpg\",\"articleSection\":[\"Articoli\",\"Economia\",\"Italia\",\"Ricerca Economica\"],\"inLanguage\":\"it-IT\"},{\"@type\":\"WebPage\",\"@id\":\"https:\/\/irprout.it\/?p=3260\",\"url\":\"https:\/\/irprout.it\/?p=3260\",\"name\":\"L\u2019impresa agricola aggregata: una risposta ai problemi dell\u2019agricoltura italiana - Istituto di Ricerca Prout\",\"isPartOf\":{\"@id\":\"https:\/\/irprout.it\/#website\"},\"primaryImageOfPage\":{\"@id\":\"https:\/\/irprout.it\/?p=3260#primaryimage\"},\"image\":{\"@id\":\"https:\/\/irprout.it\/?p=3260#primaryimage\"},\"thumbnailUrl\":\"http:\/\/irprout.it\/wp-content\/uploads\/2015\/09\/agricoltura11.jpg\",\"datePublished\":\"2015-09-25T10:37:43+00:00\",\"dateModified\":\"2015-12-19T10:28:03+00:00\",\"breadcrumb\":{\"@id\":\"https:\/\/irprout.it\/?p=3260#breadcrumb\"},\"inLanguage\":\"it-IT\",\"potentialAction\":[{\"@type\":\"ReadAction\",\"target\":[\"https:\/\/irprout.it\/?p=3260\"]}]},{\"@type\":\"ImageObject\",\"inLanguage\":\"it-IT\",\"@id\":\"https:\/\/irprout.it\/?p=3260#primaryimage\",\"url\":\"https:\/\/irprout.it\/wp-content\/uploads\/2015\/09\/agricoltura11.jpg\",\"contentUrl\":\"https:\/\/irprout.it\/wp-content\/uploads\/2015\/09\/agricoltura11.jpg\",\"width\":597,\"height\":352},{\"@type\":\"BreadcrumbList\",\"@id\":\"https:\/\/irprout.it\/?p=3260#breadcrumb\",\"itemListElement\":[{\"@type\":\"ListItem\",\"position\":1,\"name\":\"Home\",\"item\":\"https:\/\/irprout.it\/\"},{\"@type\":\"ListItem\",\"position\":2,\"name\":\"L\u2019impresa agricola aggregata: una risposta ai problemi dell\u2019agricoltura italiana\"}]},{\"@type\":\"WebSite\",\"@id\":\"https:\/\/irprout.it\/#website\",\"url\":\"https:\/\/irprout.it\/\",\"name\":\"Istituto di Ricerca Prout\",\"description\":\"Istituto di Ricerca Prout\",\"publisher\":{\"@id\":\"https:\/\/irprout.it\/#organization\"},\"potentialAction\":[{\"@type\":\"SearchAction\",\"target\":{\"@type\":\"EntryPoint\",\"urlTemplate\":\"https:\/\/irprout.it\/?s={search_term_string}\"},\"query-input\":{\"@type\":\"PropertyValueSpecification\",\"valueRequired\":true,\"valueName\":\"search_term_string\"}}],\"inLanguage\":\"it-IT\"},{\"@type\":\"Organization\",\"@id\":\"https:\/\/irprout.it\/#organization\",\"name\":\"Istituto di Ricerca Prout\",\"url\":\"https:\/\/irprout.it\/\",\"logo\":{\"@type\":\"ImageObject\",\"inLanguage\":\"it-IT\",\"@id\":\"https:\/\/irprout.it\/#\/schema\/logo\/image\/\",\"url\":\"http:\/\/irprout.it\/wp-content\/uploads\/2014\/10\/logo_IRP_albero300Cor.jpg\",\"contentUrl\":\"http:\/\/irprout.it\/wp-content\/uploads\/2014\/10\/logo_IRP_albero300Cor.jpg\",\"width\":303,\"height\":304,\"caption\":\"Istituto di Ricerca Prout\"},\"image\":{\"@id\":\"https:\/\/irprout.it\/#\/schema\/logo\/image\/\"}},{\"@type\":\"Person\",\"@id\":\"https:\/\/irprout.it\/#\/schema\/person\/c29256b88f25238a0a5436e1dbe26555\",\"name\":\"Tarcisio Bonotto\",\"image\":{\"@type\":\"ImageObject\",\"inLanguage\":\"it-IT\",\"@id\":\"https:\/\/irprout.it\/#\/schema\/person\/image\/\",\"url\":\"https:\/\/secure.gravatar.com\/avatar\/8a341cc2c6188834b6220892d8c7f44835b971a191e4b4c7f0bdcf998648bf79?s=96&d=mm&r=g\",\"contentUrl\":\"https:\/\/secure.gravatar.com\/avatar\/8a341cc2c6188834b6220892d8c7f44835b971a191e4b4c7f0bdcf998648bf79?s=96&d=mm&r=g\",\"caption\":\"Tarcisio Bonotto\"},\"sameAs\":[\"http:\/\/irprout.it,www.prout.it\",\"https:\/\/it-it.facebook.com\/IRPROUT\",\"https:\/\/x.com\/#tarcisio.bonotto\"],\"url\":\"https:\/\/irprout.it\/?author=3\"}]}<\/script>\n<!-- \/ Yoast SEO plugin. -->","yoast_head_json":{"title":"L\u2019impresa agricola aggregata: una risposta ai problemi dell\u2019agricoltura italiana - Istituto di Ricerca Prout","robots":{"index":"index","follow":"follow","max-snippet":"max-snippet:-1","max-image-preview":"max-image-preview:large","max-video-preview":"max-video-preview:-1"},"canonical":"https:\/\/irprout.it\/?p=3260","og_locale":"it_IT","og_type":"article","og_title":"L\u2019impresa agricola aggregata: una risposta ai problemi dell\u2019agricoltura italiana - Istituto di Ricerca Prout","og_description":"di\u00a0Elisa Montresor\u00a0 l\u2019impresa aggregata: una risposta ai problemi dell\u2019agricoltura italiana Una risposta ai problemi strutturali dell\u2019agricoltura arriva dall\u2019aggregazione delle imprese&#8230;\u00a0contenuta nel decreto legislativo n. 99 del 2004, che ha introdotto una nuova forma societaria, la societ\u00e0 agricola,&#8230;\u00a0In base alle nuove norme la societ\u00e0 agricola pu\u00f2 esercitare attivit\u00e0 che vanno dalla &hellip; Continua a leggere","og_url":"https:\/\/irprout.it\/?p=3260","og_site_name":"Istituto di Ricerca Prout","article_author":"https:\/\/it-it.facebook.com\/IRPROUT","article_published_time":"2015-09-25T10:37:43+00:00","article_modified_time":"2015-12-19T10:28:03+00:00","og_image":[{"url":"http:\/\/irprout.it\/wp-content\/uploads\/2015\/09\/agricoltura11.jpg","type":"","width":"","height":""}],"author":"Tarcisio Bonotto","twitter_misc":{"Scritto da":"Tarcisio Bonotto","Tempo di lettura stimato":"10 minuti"},"schema":{"@context":"https:\/\/schema.org","@graph":[{"@type":"Article","@id":"https:\/\/irprout.it\/?p=3260#article","isPartOf":{"@id":"https:\/\/irprout.it\/?p=3260"},"author":{"name":"Tarcisio Bonotto","@id":"https:\/\/irprout.it\/#\/schema\/person\/c29256b88f25238a0a5436e1dbe26555"},"headline":"L\u2019impresa agricola aggregata: una risposta ai problemi dell\u2019agricoltura italiana","datePublished":"2015-09-25T10:37:43+00:00","dateModified":"2015-12-19T10:28:03+00:00","mainEntityOfPage":{"@id":"https:\/\/irprout.it\/?p=3260"},"wordCount":2017,"publisher":{"@id":"https:\/\/irprout.it\/#organization"},"image":{"@id":"https:\/\/irprout.it\/?p=3260#primaryimage"},"thumbnailUrl":"http:\/\/irprout.it\/wp-content\/uploads\/2015\/09\/agricoltura11.jpg","articleSection":["Articoli","Economia","Italia","Ricerca Economica"],"inLanguage":"it-IT"},{"@type":"WebPage","@id":"https:\/\/irprout.it\/?p=3260","url":"https:\/\/irprout.it\/?p=3260","name":"L\u2019impresa agricola aggregata: una risposta ai problemi dell\u2019agricoltura italiana - Istituto di Ricerca Prout","isPartOf":{"@id":"https:\/\/irprout.it\/#website"},"primaryImageOfPage":{"@id":"https:\/\/irprout.it\/?p=3260#primaryimage"},"image":{"@id":"https:\/\/irprout.it\/?p=3260#primaryimage"},"thumbnailUrl":"http:\/\/irprout.it\/wp-content\/uploads\/2015\/09\/agricoltura11.jpg","datePublished":"2015-09-25T10:37:43+00:00","dateModified":"2015-12-19T10:28:03+00:00","breadcrumb":{"@id":"https:\/\/irprout.it\/?p=3260#breadcrumb"},"inLanguage":"it-IT","potentialAction":[{"@type":"ReadAction","target":["https:\/\/irprout.it\/?p=3260"]}]},{"@type":"ImageObject","inLanguage":"it-IT","@id":"https:\/\/irprout.it\/?p=3260#primaryimage","url":"https:\/\/irprout.it\/wp-content\/uploads\/2015\/09\/agricoltura11.jpg","contentUrl":"https:\/\/irprout.it\/wp-content\/uploads\/2015\/09\/agricoltura11.jpg","width":597,"height":352},{"@type":"BreadcrumbList","@id":"https:\/\/irprout.it\/?p=3260#breadcrumb","itemListElement":[{"@type":"ListItem","position":1,"name":"Home","item":"https:\/\/irprout.it\/"},{"@type":"ListItem","position":2,"name":"L\u2019impresa agricola aggregata: una risposta ai problemi dell\u2019agricoltura italiana"}]},{"@type":"WebSite","@id":"https:\/\/irprout.it\/#website","url":"https:\/\/irprout.it\/","name":"Istituto di Ricerca Prout","description":"Istituto di Ricerca Prout","publisher":{"@id":"https:\/\/irprout.it\/#organization"},"potentialAction":[{"@type":"SearchAction","target":{"@type":"EntryPoint","urlTemplate":"https:\/\/irprout.it\/?s={search_term_string}"},"query-input":{"@type":"PropertyValueSpecification","valueRequired":true,"valueName":"search_term_string"}}],"inLanguage":"it-IT"},{"@type":"Organization","@id":"https:\/\/irprout.it\/#organization","name":"Istituto di Ricerca Prout","url":"https:\/\/irprout.it\/","logo":{"@type":"ImageObject","inLanguage":"it-IT","@id":"https:\/\/irprout.it\/#\/schema\/logo\/image\/","url":"http:\/\/irprout.it\/wp-content\/uploads\/2014\/10\/logo_IRP_albero300Cor.jpg","contentUrl":"http:\/\/irprout.it\/wp-content\/uploads\/2014\/10\/logo_IRP_albero300Cor.jpg","width":303,"height":304,"caption":"Istituto di Ricerca Prout"},"image":{"@id":"https:\/\/irprout.it\/#\/schema\/logo\/image\/"}},{"@type":"Person","@id":"https:\/\/irprout.it\/#\/schema\/person\/c29256b88f25238a0a5436e1dbe26555","name":"Tarcisio Bonotto","image":{"@type":"ImageObject","inLanguage":"it-IT","@id":"https:\/\/irprout.it\/#\/schema\/person\/image\/","url":"https:\/\/secure.gravatar.com\/avatar\/8a341cc2c6188834b6220892d8c7f44835b971a191e4b4c7f0bdcf998648bf79?s=96&d=mm&r=g","contentUrl":"https:\/\/secure.gravatar.com\/avatar\/8a341cc2c6188834b6220892d8c7f44835b971a191e4b4c7f0bdcf998648bf79?s=96&d=mm&r=g","caption":"Tarcisio Bonotto"},"sameAs":["http:\/\/irprout.it,www.prout.it","https:\/\/it-it.facebook.com\/IRPROUT","https:\/\/x.com\/#tarcisio.bonotto"],"url":"https:\/\/irprout.it\/?author=3"}]}},"_links":{"self":[{"href":"https:\/\/irprout.it\/index.php?rest_route=\/wp\/v2\/posts\/3260","targetHints":{"allow":["GET"]}}],"collection":[{"href":"https:\/\/irprout.it\/index.php?rest_route=\/wp\/v2\/posts"}],"about":[{"href":"https:\/\/irprout.it\/index.php?rest_route=\/wp\/v2\/types\/post"}],"author":[{"embeddable":true,"href":"https:\/\/irprout.it\/index.php?rest_route=\/wp\/v2\/users\/3"}],"replies":[{"embeddable":true,"href":"https:\/\/irprout.it\/index.php?rest_route=%2Fwp%2Fv2%2Fcomments&post=3260"}],"version-history":[{"count":27,"href":"https:\/\/irprout.it\/index.php?rest_route=\/wp\/v2\/posts\/3260\/revisions"}],"predecessor-version":[{"id":3351,"href":"https:\/\/irprout.it\/index.php?rest_route=\/wp\/v2\/posts\/3260\/revisions\/3351"}],"wp:attachment":[{"href":"https:\/\/irprout.it\/index.php?rest_route=%2Fwp%2Fv2%2Fmedia&parent=3260"}],"wp:term":[{"taxonomy":"category","embeddable":true,"href":"https:\/\/irprout.it\/index.php?rest_route=%2Fwp%2Fv2%2Fcategories&post=3260"},{"taxonomy":"post_tag","embeddable":true,"href":"https:\/\/irprout.it\/index.php?rest_route=%2Fwp%2Fv2%2Ftags&post=3260"}],"curies":[{"name":"wp","href":"https:\/\/api.w.org\/{rel}","templated":true}]}}