{"id":3682,"date":"2016-11-03T23:59:03","date_gmt":"2016-11-03T22:59:03","guid":{"rendered":"http:\/\/irprout.it\/?p=3682"},"modified":"2016-11-04T11:41:54","modified_gmt":"2016-11-04T10:41:54","slug":"post-terremoto-prima-le-fabbriche-poi-le-case-e-poi-le-chiese","status":"publish","type":"post","link":"https:\/\/irprout.it\/?p=3682","title":{"rendered":"Post-terremoto: \u201cPrima le fabbriche, poi le case e poi le chiese\u201d"},"content":{"rendered":"<p><span style=\"color: #ffffff; font-size: 20pt; font-family: tahoma, arial, helvetica, sans-serif; background-color: #0000ff;\"><strong>\u00a0post-terremoto:<\/strong> <strong>\u201cp<\/strong><strong>rima le <\/strong><strong>fabbriche<\/strong><strong>, poi le case e poi le chiese\u201d\u00a0<\/strong><\/span><\/p>\n<p><em><img decoding=\"async\" class=\"alignleft size-full wp-image-3685 lazyload\" data-src=\"https:\/\/irprout.it\/wp-content\/uploads\/2016\/11\/friuli_ricos_p.jpg\" alt=\"friuli_ricos_p\" width=\"350\" height=\"223\" data-srcset=\"https:\/\/irprout.it\/wp-content\/uploads\/2016\/11\/friuli_ricos_p.jpg 350w, https:\/\/irprout.it\/wp-content\/uploads\/2016\/11\/friuli_ricos_p-300x191.jpg 300w\" data-sizes=\"(max-width: 350px) 100vw, 350px\" src=\"data:image\/svg+xml;base64,PHN2ZyB3aWR0aD0iMSIgaGVpZ2h0PSIxIiB4bWxucz0iaHR0cDovL3d3dy53My5vcmcvMjAwMC9zdmciPjwvc3ZnPg==\" style=\"--smush-placeholder-width: 350px; --smush-placeholder-aspect-ratio: 350\/223;\" \/>Dopo il terremoto del Friuli del 6 maggio 1976, di 6,5 gradi della scala Richter, mons. Alfredo Battisti, arcivescovo di Udine, dichiar\u00f2 il 12 maggio:<strong> \u201cPrima le fabbriche, poi le case e poi le chiese\u201d.<\/strong><\/em><\/p>\n<p><em><strong>Oggi, dopo il terremoto di Amatrice e di Norcia, impressiona l\u2019insistenza con cui i mezzi di comunicazione sottolineano la perdita del patrimonio culturale e artistico, delle case distrutte, trascurando i problemi primari dei produttori agricoli e artigiano-industriali. <\/strong><\/em><\/p>\n<p><em><strong>Certo per l\u2019Italia le opere d\u2019arte, le chiese, i musei sono un vanto<\/strong><\/em><em>, una risorsa turistico-culturale di estremo valore per la civilt\u00e0, <strong>ma c\u2019\u00e8 da sottolineare come sia l\u2019economia produttiva, in ultima analisi, che pu\u00f2 dare vita e sostenere sia le comunit\u00e0, sia la scuola, i servizi e le opere d\u2019arte etc.<\/strong><\/em><\/p>\n<p><em><strong>Nella zona del cratere del terremoto attorno a Norcia-Amatrice ci sono 40.000 occupati in attivit\u00e0 produttive<\/strong><\/em><em>. Se questi non lavorano sono 40.000 cassa-integrati da pagare, ma senza un futuro per quelle aree. Non \u00e8 quindi il primo dovere di uno stato di ripristinare il lavoro in modo che parte della popolazione possa essere autosufficiente?<\/em><\/p>\n<p><strong>Sembra che viviamo nella speranza che l\u2019arte, la sola gastronomia, il turismo possano sostenere un paese intero<\/strong>, mentre il debito pubblico sta aumentando a vista d\u2019occhio, il disavanzo commerciale \u00e8 in rosso, le aziende continuano a chiudere, l\u2019agricoltura \u00e8 a pezzi e dall\u2019altra il nostro paese \u00e8 diventato terra di conquista di francesi, tedeschi, che acquistano aziende decotte ma potenzialmente preziose. <strong>Non di solo turismo ed edilizia vive un paese: \u00e8 necessaria la manifattura.<\/strong> L\u2019apertura indiscriminata dei mercati l\u2019ha distrutta, ma perch\u00e9 non ci siamo opposti e abbiamo deciso\u00a0di salvaguardare la produzione italiana? Nulla, i nostri politici hanno accettato anche questa deriva come ineluttabile.<\/p>\n<p>Abbiamo buttato alle ortiche la speranza di riprendere una vita dignitosa, e non lottiamo per il diritto di ripristinare l\u2019equilibrio economico. <strong>Come mai ripetiamo spesso<\/strong>: \u201cE\u2019 perch\u00e9 lo vuole l\u2019Europa!\u201d, \u201cE\u2019 colpa della Globalizzazione!\u201d, \u201cE\u2019 colpa del commercio internazionale e dei poteri forti\u201d. Ma abbiamo mai provato a far sentire la nostra voce, delle proposte, un progetto per la ripartenza? O per lo meno protestare?<\/p>\n<p><strong>Abbiamo subito supini tutto ci\u00f2 che ci veniva a mala pena suggerito e bisbigliato dalla UE<\/strong>: abbiamo inserito il limite del 3%, rapporto tra Debito e PIL in Costituzione! Abbiamo privatizzato l\u2019acqua perch\u00e9 l\u2019Europa si diceva ce lo impone, ma l\u2019aveva solo suggerito! Abbiamo accettato le \u201cquote latte\u201d, a seguito di un errore matematico clamoroso del Ministero delle Politiche Agricole, e non le abbiamo volute pagare dopo che abbiamo firmato!. Non abbiamo lottato e piantato i pugni in Europa per cambiare questo stato di cose e diventare autosufficienti nella produzione latto-casearia, per mantenere i posti di lavoro? No, abbiamo perso 270.000 aziende agricole dal 2001!<\/p>\n<p>Siamo fatalisti o non abbiamo il coraggio di lottare per i diritti individuali e collettivi? Non passa giorno in cui non ci siano notizie di indagati per corruzione negli appalti. Indagati si, ma mai che restituiscano i soldi rubati e sperperati! Siamo condannati a questo fato? <strong>Non ci gira per la testa che sia ora di dire basta ed essere i primi a suonare le campane per un nuovo inizio <\/strong>con ideali, valori e principi improntati al benessere collettivo, nella convinzione che il benessere individuale sta nel benessere collettivo e viceversa?<\/p>\n<p>Vista l\u2019esperienza del passato nella ricostruzione gestita dallo stato, spesso non andata a buon fine, la proposta \u00e8 di <strong>assegnare alle famiglie i fondi per la ricostruzione della propria azienda e\/o abitazione<\/strong>, lasciando il patrimonio pubblico e artistico allo stato. Dove in Italia l&#8217;accordo\u00a0per la ricostruzione (azienda o abitazione) era tra la famiglia e l\u2019impresa edile, la realizzazione \u00e8 stata efficace, meno sprechi e tempi certi.<\/p>\n<p><strong>Allo stato va la coordinazione e gestione<\/strong> dei \u00a0luoghi e misure per la ripartenza dei paesi e cittadine, e la salvaguardia del patrimonio artistico, culturale.<\/p>\n<p>Quindi consci di quanto <strong>l\u2019economia giochi un ruolo importante nell\u2019approvvigionamento delle necessit\u00e0 basilari per tutti<\/strong>, senza attendere ulteriori promesse dei politici di turno, affermiamo convinti che il programma di ricostruzione debba tenere conto della scaletta suggerita da mons. Alfredo Battisti, <em><strong>\u201cPrima le fabbriche, poi le case e poi le chiese\u201d<\/strong><\/em><em>. <strong>E l\u2019esempio migliore della ricostruzione \u00e8 il modello Friuli dove il potere dato ai sindaci \u00e8 stato il motore e volano della rinascita locale.<\/strong><\/em><\/p>\n<p><em><strong>Come diceva il grande artista italiano Ettore Petrolini: <\/strong><\/em><em><strong>\u201cRoma rinascer\u00e0, pi\u00f9 bella e pi\u00f9 superba che pria!\u201d<\/strong><\/em><em><strong>. Cos\u00ec possiamo \u201cricostruire l\u2019Italia pi\u00f9 grande e pi\u00f9 bella che pria\u201d. la teoria economica Prout pu\u00f2 indicarne la strada.<\/strong><\/em><\/p>\n<p>Certo in questa battaglia dobbiamo dirci \u2018devo essere il primo\u2019, non c\u2019\u00e8 altra soluzione.<\/p>\n","protected":false},"excerpt":{"rendered":"<p>\u00a0post-terremoto: \u201cprima le fabbriche, poi le case e poi le chiese\u201d\u00a0 Dopo il terremoto del Friuli del 6 maggio 1976, di 6,5 gradi della scala Richter, mons. Alfredo Battisti, arcivescovo di Udine, dichiar\u00f2 il 12 maggio: \u201cPrima le fabbriche, poi le case e poi le chiese\u201d. Oggi, dopo il terremoto <span class=\"excerpt-dots\">&hellip;<\/span> <a class=\"more-link\" href=\"https:\/\/irprout.it\/?p=3682\"><span class=\"more-msg\">Continua a leggere<\/span><\/a><\/p>\n","protected":false},"author":3,"featured_media":0,"comment_status":"closed","ping_status":"closed","sticky":false,"template":"","format":"standard","meta":{"ngg_post_thumbnail":0,"footnotes":""},"categories":[7,5,19,8],"tags":[],"class_list":["post-3682","post","type-post","status-publish","format-standard","hentry","category-economia","category-italia","category-ricerca_economica","category-societa"],"yoast_head":"<!-- This site is optimized with the Yoast SEO plugin v26.6 - https:\/\/yoast.com\/wordpress\/plugins\/seo\/ -->\n<title>Post-terremoto: \u201cPrima le fabbriche, poi le case e poi le chiese\u201d - Istituto di Ricerca Prout<\/title>\n<meta name=\"robots\" content=\"index, follow, max-snippet:-1, max-image-preview:large, max-video-preview:-1\" \/>\n<link rel=\"canonical\" href=\"https:\/\/irprout.it\/?p=3682\" \/>\n<meta property=\"og:locale\" content=\"it_IT\" \/>\n<meta property=\"og:type\" content=\"article\" \/>\n<meta property=\"og:title\" content=\"Post-terremoto: \u201cPrima le fabbriche, poi le case e poi le chiese\u201d - Istituto di Ricerca Prout\" \/>\n<meta property=\"og:description\" content=\"\u00a0post-terremoto: \u201cprima le fabbriche, poi le case e poi le chiese\u201d\u00a0 Dopo il terremoto del Friuli del 6 maggio 1976, di 6,5 gradi della scala Richter, mons. Alfredo Battisti, arcivescovo di Udine, dichiar\u00f2 il 12 maggio: \u201cPrima le fabbriche, poi le case e poi le chiese\u201d. Oggi, dopo il terremoto &hellip; Continua a leggere\" \/>\n<meta property=\"og:url\" content=\"https:\/\/irprout.it\/?p=3682\" \/>\n<meta property=\"og:site_name\" content=\"Istituto di Ricerca Prout\" \/>\n<meta property=\"article:author\" content=\"https:\/\/it-it.facebook.com\/IRPROUT\" \/>\n<meta property=\"article:published_time\" content=\"2016-11-03T22:59:03+00:00\" \/>\n<meta property=\"article:modified_time\" content=\"2016-11-04T10:41:54+00:00\" \/>\n<meta property=\"og:image\" content=\"http:\/\/irprout.it\/wp-content\/uploads\/2016\/11\/friuli_ricos_p.jpg\" \/>\n<meta name=\"author\" content=\"Tarcisio Bonotto\" \/>\n<meta name=\"twitter:label1\" content=\"Scritto da\" \/>\n\t<meta name=\"twitter:data1\" content=\"Tarcisio Bonotto\" \/>\n\t<meta name=\"twitter:label2\" content=\"Tempo di lettura stimato\" \/>\n\t<meta name=\"twitter:data2\" content=\"4 minuti\" \/>\n<script type=\"application\/ld+json\" class=\"yoast-schema-graph\">{\"@context\":\"https:\/\/schema.org\",\"@graph\":[{\"@type\":\"Article\",\"@id\":\"https:\/\/irprout.it\/?p=3682#article\",\"isPartOf\":{\"@id\":\"https:\/\/irprout.it\/?p=3682\"},\"author\":{\"name\":\"Tarcisio Bonotto\",\"@id\":\"https:\/\/irprout.it\/#\/schema\/person\/c29256b88f25238a0a5436e1dbe26555\"},\"headline\":\"Post-terremoto: \u201cPrima le fabbriche, poi le case e poi le chiese\u201d\",\"datePublished\":\"2016-11-03T22:59:03+00:00\",\"dateModified\":\"2016-11-04T10:41:54+00:00\",\"mainEntityOfPage\":{\"@id\":\"https:\/\/irprout.it\/?p=3682\"},\"wordCount\":789,\"publisher\":{\"@id\":\"https:\/\/irprout.it\/#organization\"},\"image\":{\"@id\":\"https:\/\/irprout.it\/?p=3682#primaryimage\"},\"thumbnailUrl\":\"http:\/\/irprout.it\/wp-content\/uploads\/2016\/11\/friuli_ricos_p.jpg\",\"articleSection\":[\"Economia\",\"Italia\",\"Ricerca Economica\",\"Societ\u00e0\"],\"inLanguage\":\"it-IT\"},{\"@type\":\"WebPage\",\"@id\":\"https:\/\/irprout.it\/?p=3682\",\"url\":\"https:\/\/irprout.it\/?p=3682\",\"name\":\"Post-terremoto: \u201cPrima le fabbriche, poi le case e poi le chiese\u201d - Istituto di Ricerca Prout\",\"isPartOf\":{\"@id\":\"https:\/\/irprout.it\/#website\"},\"primaryImageOfPage\":{\"@id\":\"https:\/\/irprout.it\/?p=3682#primaryimage\"},\"image\":{\"@id\":\"https:\/\/irprout.it\/?p=3682#primaryimage\"},\"thumbnailUrl\":\"http:\/\/irprout.it\/wp-content\/uploads\/2016\/11\/friuli_ricos_p.jpg\",\"datePublished\":\"2016-11-03T22:59:03+00:00\",\"dateModified\":\"2016-11-04T10:41:54+00:00\",\"breadcrumb\":{\"@id\":\"https:\/\/irprout.it\/?p=3682#breadcrumb\"},\"inLanguage\":\"it-IT\",\"potentialAction\":[{\"@type\":\"ReadAction\",\"target\":[\"https:\/\/irprout.it\/?p=3682\"]}]},{\"@type\":\"ImageObject\",\"inLanguage\":\"it-IT\",\"@id\":\"https:\/\/irprout.it\/?p=3682#primaryimage\",\"url\":\"https:\/\/irprout.it\/wp-content\/uploads\/2016\/11\/friuli_ricos_p.jpg\",\"contentUrl\":\"https:\/\/irprout.it\/wp-content\/uploads\/2016\/11\/friuli_ricos_p.jpg\",\"width\":350,\"height\":223},{\"@type\":\"BreadcrumbList\",\"@id\":\"https:\/\/irprout.it\/?p=3682#breadcrumb\",\"itemListElement\":[{\"@type\":\"ListItem\",\"position\":1,\"name\":\"Home\",\"item\":\"https:\/\/irprout.it\/\"},{\"@type\":\"ListItem\",\"position\":2,\"name\":\"Post-terremoto: \u201cPrima le fabbriche, poi le case e poi le chiese\u201d\"}]},{\"@type\":\"WebSite\",\"@id\":\"https:\/\/irprout.it\/#website\",\"url\":\"https:\/\/irprout.it\/\",\"name\":\"Istituto di Ricerca Prout\",\"description\":\"Istituto di Ricerca Prout\",\"publisher\":{\"@id\":\"https:\/\/irprout.it\/#organization\"},\"potentialAction\":[{\"@type\":\"SearchAction\",\"target\":{\"@type\":\"EntryPoint\",\"urlTemplate\":\"https:\/\/irprout.it\/?s={search_term_string}\"},\"query-input\":{\"@type\":\"PropertyValueSpecification\",\"valueRequired\":true,\"valueName\":\"search_term_string\"}}],\"inLanguage\":\"it-IT\"},{\"@type\":\"Organization\",\"@id\":\"https:\/\/irprout.it\/#organization\",\"name\":\"Istituto di Ricerca Prout\",\"url\":\"https:\/\/irprout.it\/\",\"logo\":{\"@type\":\"ImageObject\",\"inLanguage\":\"it-IT\",\"@id\":\"https:\/\/irprout.it\/#\/schema\/logo\/image\/\",\"url\":\"http:\/\/irprout.it\/wp-content\/uploads\/2014\/10\/logo_IRP_albero300Cor.jpg\",\"contentUrl\":\"http:\/\/irprout.it\/wp-content\/uploads\/2014\/10\/logo_IRP_albero300Cor.jpg\",\"width\":303,\"height\":304,\"caption\":\"Istituto di Ricerca Prout\"},\"image\":{\"@id\":\"https:\/\/irprout.it\/#\/schema\/logo\/image\/\"}},{\"@type\":\"Person\",\"@id\":\"https:\/\/irprout.it\/#\/schema\/person\/c29256b88f25238a0a5436e1dbe26555\",\"name\":\"Tarcisio Bonotto\",\"image\":{\"@type\":\"ImageObject\",\"inLanguage\":\"it-IT\",\"@id\":\"https:\/\/irprout.it\/#\/schema\/person\/image\/\",\"url\":\"https:\/\/secure.gravatar.com\/avatar\/8a341cc2c6188834b6220892d8c7f44835b971a191e4b4c7f0bdcf998648bf79?s=96&d=mm&r=g\",\"contentUrl\":\"https:\/\/secure.gravatar.com\/avatar\/8a341cc2c6188834b6220892d8c7f44835b971a191e4b4c7f0bdcf998648bf79?s=96&d=mm&r=g\",\"caption\":\"Tarcisio Bonotto\"},\"sameAs\":[\"http:\/\/irprout.it,www.prout.it\",\"https:\/\/it-it.facebook.com\/IRPROUT\",\"https:\/\/x.com\/#tarcisio.bonotto\"],\"url\":\"https:\/\/irprout.it\/?author=3\"}]}<\/script>\n<!-- \/ Yoast SEO plugin. -->","yoast_head_json":{"title":"Post-terremoto: \u201cPrima le fabbriche, poi le case e poi le chiese\u201d - Istituto di Ricerca Prout","robots":{"index":"index","follow":"follow","max-snippet":"max-snippet:-1","max-image-preview":"max-image-preview:large","max-video-preview":"max-video-preview:-1"},"canonical":"https:\/\/irprout.it\/?p=3682","og_locale":"it_IT","og_type":"article","og_title":"Post-terremoto: \u201cPrima le fabbriche, poi le case e poi le chiese\u201d - Istituto di Ricerca Prout","og_description":"\u00a0post-terremoto: \u201cprima le fabbriche, poi le case e poi le chiese\u201d\u00a0 Dopo il terremoto del Friuli del 6 maggio 1976, di 6,5 gradi della scala Richter, mons. Alfredo Battisti, arcivescovo di Udine, dichiar\u00f2 il 12 maggio: \u201cPrima le fabbriche, poi le case e poi le chiese\u201d. Oggi, dopo il terremoto &hellip; Continua a leggere","og_url":"https:\/\/irprout.it\/?p=3682","og_site_name":"Istituto di Ricerca Prout","article_author":"https:\/\/it-it.facebook.com\/IRPROUT","article_published_time":"2016-11-03T22:59:03+00:00","article_modified_time":"2016-11-04T10:41:54+00:00","og_image":[{"url":"http:\/\/irprout.it\/wp-content\/uploads\/2016\/11\/friuli_ricos_p.jpg","type":"","width":"","height":""}],"author":"Tarcisio Bonotto","twitter_misc":{"Scritto da":"Tarcisio Bonotto","Tempo di lettura stimato":"4 minuti"},"schema":{"@context":"https:\/\/schema.org","@graph":[{"@type":"Article","@id":"https:\/\/irprout.it\/?p=3682#article","isPartOf":{"@id":"https:\/\/irprout.it\/?p=3682"},"author":{"name":"Tarcisio Bonotto","@id":"https:\/\/irprout.it\/#\/schema\/person\/c29256b88f25238a0a5436e1dbe26555"},"headline":"Post-terremoto: \u201cPrima le fabbriche, poi le case e poi le chiese\u201d","datePublished":"2016-11-03T22:59:03+00:00","dateModified":"2016-11-04T10:41:54+00:00","mainEntityOfPage":{"@id":"https:\/\/irprout.it\/?p=3682"},"wordCount":789,"publisher":{"@id":"https:\/\/irprout.it\/#organization"},"image":{"@id":"https:\/\/irprout.it\/?p=3682#primaryimage"},"thumbnailUrl":"http:\/\/irprout.it\/wp-content\/uploads\/2016\/11\/friuli_ricos_p.jpg","articleSection":["Economia","Italia","Ricerca Economica","Societ\u00e0"],"inLanguage":"it-IT"},{"@type":"WebPage","@id":"https:\/\/irprout.it\/?p=3682","url":"https:\/\/irprout.it\/?p=3682","name":"Post-terremoto: \u201cPrima le fabbriche, poi le case e poi le chiese\u201d - Istituto di Ricerca Prout","isPartOf":{"@id":"https:\/\/irprout.it\/#website"},"primaryImageOfPage":{"@id":"https:\/\/irprout.it\/?p=3682#primaryimage"},"image":{"@id":"https:\/\/irprout.it\/?p=3682#primaryimage"},"thumbnailUrl":"http:\/\/irprout.it\/wp-content\/uploads\/2016\/11\/friuli_ricos_p.jpg","datePublished":"2016-11-03T22:59:03+00:00","dateModified":"2016-11-04T10:41:54+00:00","breadcrumb":{"@id":"https:\/\/irprout.it\/?p=3682#breadcrumb"},"inLanguage":"it-IT","potentialAction":[{"@type":"ReadAction","target":["https:\/\/irprout.it\/?p=3682"]}]},{"@type":"ImageObject","inLanguage":"it-IT","@id":"https:\/\/irprout.it\/?p=3682#primaryimage","url":"https:\/\/irprout.it\/wp-content\/uploads\/2016\/11\/friuli_ricos_p.jpg","contentUrl":"https:\/\/irprout.it\/wp-content\/uploads\/2016\/11\/friuli_ricos_p.jpg","width":350,"height":223},{"@type":"BreadcrumbList","@id":"https:\/\/irprout.it\/?p=3682#breadcrumb","itemListElement":[{"@type":"ListItem","position":1,"name":"Home","item":"https:\/\/irprout.it\/"},{"@type":"ListItem","position":2,"name":"Post-terremoto: \u201cPrima le fabbriche, poi le case e poi le chiese\u201d"}]},{"@type":"WebSite","@id":"https:\/\/irprout.it\/#website","url":"https:\/\/irprout.it\/","name":"Istituto di Ricerca Prout","description":"Istituto di Ricerca Prout","publisher":{"@id":"https:\/\/irprout.it\/#organization"},"potentialAction":[{"@type":"SearchAction","target":{"@type":"EntryPoint","urlTemplate":"https:\/\/irprout.it\/?s={search_term_string}"},"query-input":{"@type":"PropertyValueSpecification","valueRequired":true,"valueName":"search_term_string"}}],"inLanguage":"it-IT"},{"@type":"Organization","@id":"https:\/\/irprout.it\/#organization","name":"Istituto di Ricerca Prout","url":"https:\/\/irprout.it\/","logo":{"@type":"ImageObject","inLanguage":"it-IT","@id":"https:\/\/irprout.it\/#\/schema\/logo\/image\/","url":"http:\/\/irprout.it\/wp-content\/uploads\/2014\/10\/logo_IRP_albero300Cor.jpg","contentUrl":"http:\/\/irprout.it\/wp-content\/uploads\/2014\/10\/logo_IRP_albero300Cor.jpg","width":303,"height":304,"caption":"Istituto di Ricerca Prout"},"image":{"@id":"https:\/\/irprout.it\/#\/schema\/logo\/image\/"}},{"@type":"Person","@id":"https:\/\/irprout.it\/#\/schema\/person\/c29256b88f25238a0a5436e1dbe26555","name":"Tarcisio Bonotto","image":{"@type":"ImageObject","inLanguage":"it-IT","@id":"https:\/\/irprout.it\/#\/schema\/person\/image\/","url":"https:\/\/secure.gravatar.com\/avatar\/8a341cc2c6188834b6220892d8c7f44835b971a191e4b4c7f0bdcf998648bf79?s=96&d=mm&r=g","contentUrl":"https:\/\/secure.gravatar.com\/avatar\/8a341cc2c6188834b6220892d8c7f44835b971a191e4b4c7f0bdcf998648bf79?s=96&d=mm&r=g","caption":"Tarcisio Bonotto"},"sameAs":["http:\/\/irprout.it,www.prout.it","https:\/\/it-it.facebook.com\/IRPROUT","https:\/\/x.com\/#tarcisio.bonotto"],"url":"https:\/\/irprout.it\/?author=3"}]}},"_links":{"self":[{"href":"https:\/\/irprout.it\/index.php?rest_route=\/wp\/v2\/posts\/3682","targetHints":{"allow":["GET"]}}],"collection":[{"href":"https:\/\/irprout.it\/index.php?rest_route=\/wp\/v2\/posts"}],"about":[{"href":"https:\/\/irprout.it\/index.php?rest_route=\/wp\/v2\/types\/post"}],"author":[{"embeddable":true,"href":"https:\/\/irprout.it\/index.php?rest_route=\/wp\/v2\/users\/3"}],"replies":[{"embeddable":true,"href":"https:\/\/irprout.it\/index.php?rest_route=%2Fwp%2Fv2%2Fcomments&post=3682"}],"version-history":[{"count":3,"href":"https:\/\/irprout.it\/index.php?rest_route=\/wp\/v2\/posts\/3682\/revisions"}],"predecessor-version":[{"id":3695,"href":"https:\/\/irprout.it\/index.php?rest_route=\/wp\/v2\/posts\/3682\/revisions\/3695"}],"wp:attachment":[{"href":"https:\/\/irprout.it\/index.php?rest_route=%2Fwp%2Fv2%2Fmedia&parent=3682"}],"wp:term":[{"taxonomy":"category","embeddable":true,"href":"https:\/\/irprout.it\/index.php?rest_route=%2Fwp%2Fv2%2Fcategories&post=3682"},{"taxonomy":"post_tag","embeddable":true,"href":"https:\/\/irprout.it\/index.php?rest_route=%2Fwp%2Fv2%2Ftags&post=3682"}],"curies":[{"name":"wp","href":"https:\/\/api.w.org\/{rel}","templated":true}]}}