{"id":3707,"date":"2016-12-05T18:23:47","date_gmt":"2016-12-05T17:23:47","guid":{"rendered":"http:\/\/irprout.it\/?p=3707"},"modified":"2016-12-06T17:03:59","modified_gmt":"2016-12-06T16:03:59","slug":"la-nostra-visione-del-sistema-politico-italiano","status":"publish","type":"post","link":"https:\/\/irprout.it\/?p=3707","title":{"rendered":"La nostra visione del Sistema Politico Italiano"},"content":{"rendered":"<p><span style=\"background-color: #993366; color: #ffffff; font-size: 22pt; font-family: tahoma, arial, helvetica, sans-serif;\"><strong>\u00a0La nostra visione del Sistema Politico Italiano\u00a0<\/strong><\/span><\/p>\n<hr \/>\n<p style=\"text-align: center;\"><span style=\"font-family: arial, helvetica, sans-serif; background-color: #ffffff; font-size: 14pt; color: #333399;\">Poich\u00e9 l&#8217;attuale liberismo non ha portato benessere all&#8217;intera societ\u00e0 umana, \u00e8 andato a vantaggio di pochi e contro i valori umani cardinali dell&#8217;esistenza, possiamo ben dire che <strong>&#8220;il Capitalismo non \u00e8 in grado di\u00a0risolvere i problemi umani&#8221;<\/strong> e quindi <strong>&#8220;il Capitalismo deve finire&#8221;.<\/strong><\/span><\/p>\n<hr \/>\n<p><em>Tarcisio Bonotto &#8211; 02\/12\/2016<\/em><\/p>\n<p><strong>Si dice che la politica del &#8216;NO&#8217; non paga.<\/strong><\/p>\n<p>&#8216;NO&#8217; al nucleare, &#8216;NO&#8217; alla privatizzazione dell&#8217;acqua, &#8216;NO&#8217; alla\u00a0Globalizzazione, &#8216;NO&#8217; alla legge elettorale, &#8216;NO&#8217; alla riforma Costituzionale &#8230; hanno creato forti\u00a0movimenti ma prodotto poche soluzioni alternative allo status quo, che dovrebbe essere necessariamente migliorato.<\/p>\n<p>La Globalizzazione ce la siamo vissuta tutta, l&#8217;acqua \u00e8 per decreto un bene commerciale, il fotovoltaico, come piccola alternativa al nucleare \u00e8 andato alla ribalta solo qualche anno fa&#8230;<\/p>\n<p><strong>Certo, dire &#8216;NO&#8217; ad una certa visione politico-sociale\u00a0ed economica pu\u00f2 essere un primo passo importante, per\u00a0arginare la deriva e lo sfruttamento della classe liberista.<\/strong> Dopo il &#8216;NO&#8217; e l&#8217;eventuale protesta, la domanda\u00a0che viene spontanea \u00e8: &#8220;quale alternativa possibile abbiamo se non vogliamo questa minestra?\u201d<\/p>\n<p>Poich\u00e9 l&#8217;attuale liberismo non ha portato benessere all&#8217;intera societ\u00e0 umana, ma \u00e8 andato a vantaggio di pochi e contro i valori umani cardinali dell&#8217;esistenza, possiamo ben dire che &#8220;il Capitalismo deve finire&#8221;.<br \/>\n<span style=\"font-size: 12pt; font-family: tahoma, arial, helvetica, sans-serif; background-color: #0000ff; color: #ffffff;\"><strong>\u00a0globalizzazione economica\u00a0<\/strong><\/span><\/p>\n<p>Per la\u00a0<strong>globalizzazione economica\u00a0<\/strong>avevamo proposto dopo il G8 di Genova e di Praga:<\/p>\n<ul>\n<li>La\u00a0<strong>formazione di Comunit\u00e0 Economiche tra paesi omogenei<\/strong>, in sviluppo e potenzialit\u00e0 economiche (come ASEAN, non come il NAFTA)<\/li>\n<li>La\u00a0<strong>formazione di zone-socio-economiche autosufficienti\u00a0<\/strong>nelle quali la popolazione si riconosca per legami comuni<\/li>\n<li>L&#8217;<strong>autosufficienza di ogni paese<\/strong>, di contro alla liberalizzazione selvaggia e il libero movimento di merci, persone, capitali e finanza tra paesi non omogenei.<\/li>\n<\/ul>\n<p>In effetti \u00e8 impossibile competere con la Cina dove il livello di retribuzione \u00e8 circa 20 volte inferiore a quello italiano. Per questa ragione le Comunit\u00e0 Economiche vanno create tra paesi omogenei.<\/p>\n<p>La Globalizzazione ci ha trovati impreparati, non strutturati a sufficienza e ci\u00f2 ha peggiorato la nostra situazione economico-produttiva: quasi 4 milioni di disoccupati e 870.000 aziende chiuse.<\/p>\n<p>Ma passiamo alla nostra proposta di Riforma Costituzionale e Legge Elettorale.<\/p>\n<p><span style=\"background-color: #993366; font-size: 16pt; font-family: tahoma, arial, helvetica, sans-serif;\"><strong>\u00a0<span style=\"color: #ffffff;\">proposta di modifica della Costituzione<\/span>\u00a0<\/strong><\/span><\/p>\n<p>La nostra proposta per la modifica della Costituzione, un disegno a livello internazionale, si snoda in 13 punti chiave e una Magna Carta essenziale.<\/p>\n<p>Tra i tredici punti leggibili nel nostro sito al link:\u00a0<a href=\"https:\/\/irprout.it\/?page_id=333\">Sistema Politico<\/a>, troviamo interessanti i seguenti:<\/p>\n<ol>\n<li><strong>Il Parlamento nel ruolo di assemblea costituente<\/strong>. Il Parlamento svolger\u00e0 il ruolo di assemblea costituente solo con una maggioranza di 7\/8 dei suoi membri, in quanto la modifica della costituzione, a intervalli regolari riduce lo status della costituzione.<\/li>\n<li>Tutte le\u00a0<strong>lingue vive di un paese devono avere pari dignit\u00e0<\/strong>\u00a0di fronte allo Stato o al governo.<\/li>\n<li><strong>Parit\u00e0 di diritti.<\/strong>\u00a0Tutti i cittadini devono avere pari diritti di fronte alla legge. Devono essere prese in considerazione in modo uguale per tutti i cittadini, le necessit\u00e0 materiali, in modo che tutti i cittadini possano ottenere equilibrio e bilanciamento nella vita collettiva.<\/li>\n<li><strong>Comitato di Revisione.<\/strong>\u00a0Per controllare il progresso economico e lo sviluppo delle diverse parti del paese, dovrebbe essere costituito, dal presidente, un comitato di revisione di alto livello. Se c\u2019\u00e8 una qualche diversit\u00e0 tra il governo e il Comitato, il presidente deve agire secondo i consigli del parlamento. E se non vi \u00e8 alcuna differenza tra il parlamento e il Comitato, il presidente dovrebbe chiedere consiglio dalla corte suprema del paese e agire secondo il loro parere ufficiale, secondo le disposizioni della Costituzione.<\/li>\n<li><strong>Causa contro il primo ministro o il presidente<\/strong>. Un caso giudiziario pu\u00f2 essere depositato presso la Corte Suprema contro qualsiasi persona del paese inclusi il primo ministro e il presidente, perch\u00e9 ogni cittadino del paese \u00e8 uguale davanti alla Costituzione.<\/li>\n<li><strong>Diritto di autodeterminazione e di plebiscito<\/strong>. Il diritto di autodeterminazione di una parte del paese pu\u00f2 essere riconosciuta solo sulla base di un referendum tenutosi in quella zona con il permesso del parlamento in assetto di assemblea costituente. Se il referendum si potr\u00e0 tenere, dovr\u00e0 essere tenuto sotto lo stretto controllo e la supervisione del governo centrale e del capo della Commissario Elettorale del paese.<\/li>\n<li>Deve essere<strong>\u00a0garantita l\u2019istruzione primaria per tutti<\/strong>\u00a0e l\u2019<strong>istruzione dovrebbe essere libera da ogni interferenza politica<\/strong>.<\/li>\n<li><strong>La Legge e la Costituzione dovrebbero coincidere<\/strong>. La legge e la Costituzione dovrebbero essere le stesse per tutto il paese, come ogni individuo \u00e8 uguale di fronte alla legge e davanti alla costituzione. Secondo la Costituzione, ogni parte del paese potr\u00e0 godere dello stesso potere. Ad esempio, non dovrebbero essere consentiti diritti speciali o facilitazioni per il Kashmir. Oggi un Kashmiri pu\u00f2 andare in Bengala ad acquistare dei terreni, una casa, ecc., ma un bengalese non pu\u00f2 godere di tali privilegi in Kashmir. Questo tipo di discriminazione deve finire.<\/li>\n<\/ol>\n<p><strong>Possiamo aggiungere per l&#8217;Italia che non devono esistere Regioni a statuto speciale.<\/strong><\/p>\n<p>La formazione di un Governo Mondiale richieder\u00e0 una Costituzione Mondiale. In tale costituzione dovrebbe essere inclusa una Carta dei Principi (o Bill of Rights) che comprenda almeno le seguenti quattro aree.<\/p>\n<ol>\n<li><strong>Prima<\/strong>: dovrebbe essere garantita completa sicurezza a tutte le piante e gli animali del pianeta.<\/li>\n<li><strong>Seconda<\/strong>: ogni paese deve garantire il potere d\u2019acquisto a tutti i suoi cittadini.<\/li>\n<li><strong>Terza<\/strong>: la Costituzione deve garantire quattro diritti fondamentali \u2013\n<ol>\n<li>Libert\u00e0 di pratica spirituale<\/li>\n<li>Rispetto delle tradizioni culturali<\/li>\n<li>Istruzione<\/li>\n<li>Espressione delle lingue indigene.<\/li>\n<\/ol>\n<\/li>\n<li><strong>Quarta<\/strong>: se la pratica di uno qualsiasi di questi diritti confligge con i valori umani cardinali, allora tale pratica deve essere immediatamente fermata. Cio\u00e8, i valori umani cardinali devono avere la precedenza su tutti gli altri diritti.<\/li>\n<\/ol>\n<p>Tutte le costituzioni del mondo soffrono di numerosi difetti. I punti di cui sopra possono essere adottati, dagli estensori delle diverse Costituzioni, per superare tali difetti.<\/p>\n<p>&nbsp;<\/p>\n<p><span style=\"background-color: #993366; color: #ffffff; font-size: 16pt; font-family: tahoma, arial, helvetica, sans-serif;\"><strong>\u00a0legge elettorale\u00a0<\/strong><\/span><\/p>\n<p><span style=\"font-family: tahoma, arial, helvetica, sans-serif; font-size: 10pt;\"><span style=\"color: #333399;\">\u00a0Il Suffragio Universale, il diritto di voto a tutti i cittadini che abbiano compiuto il 18\u00b0 anno di et\u00e0, sebbene una conquista sociale di non poco conto, nasconde tuttavia dei problemi che possono inficiare e indebolire la\u00a0Democrazia. Infatti se i\/le votanti non hanno sviluppato una coscienza socio-economico-politica adeguata rischiano di dare il voto a persone incompetenti, e\u00a0mosse da interessi\u00a0individuali o di gruppo, che minano alla radice i principi stessi del vivere democratico.\u00a0<\/span><\/span><\/p>\n<p>&nbsp;<\/p>\n<p><span style=\"background-color: #993366; color: #ffffff; font-size: 16pt; font-family: tahoma, arial, helvetica, sans-serif;\"><strong>\u00a0il collegio elettorale\u00a0<\/strong><\/span><\/p>\n<p><strong>Il collegio elettorale viene formato da tutti i cittadini che hanno sviluppato una COSCIENZA SOCIO-ECONOMICO-POLITICA<\/strong>\u00a0adeguata per decidere la validit\u00e0 delle proposte di qualsiasi candidato. La Democrazia viene indebolita se a votare sono persone senza alcuna conoscenza dell\u2019impianto sociale, economico, politico e culturale del paese.<\/p>\n<p>Da questo punto di vista si propone\u00a0che ogni elettore\/trice debba essere sottoposto\/a ad un esame adeguato per testare la propria conoscenza dei fattori civici di base, economici, e poter diventare un\/a coscienzioso\/a votante.<\/p>\n<p>Il Suffragio Universale \u00e8 stata una grande conquista della nostra societ\u00e0, ma per ci\u00f2 che \u00e8\u00a0emerso in questi ultimi anni (compravendita dei voti, spirito di appartenenza e interessi privati\u2026), il sistema amministrativo si \u00e8 sfaldato e la corruzione \u00e8\u00a0diventata di casa, potrebbe essere modificato.<\/p>\n<p><em>\u201cIl diritto di voto deve essere conferito a persone istruite che hanno coscienza politica e consapevolezza dei problemi della gente. L\u2019et\u00e0 non dovrebbe essere il\u00a0criterio\u00a0di diritto di voto. Se il diritto di voto \u00e8 dato a persone\u00a0analfabete, vi \u00e8 la possibilit\u00e0 che siano eletti dei rappresentanti antisociali e incompetenti\u201d. (P.R. Sarkar)<\/em><\/p>\n<p><strong>Per questo motivo dovremmo ripristinare l\u2019Educazione Civica\u00a0<\/strong>nelle scuole<strong>,\u00a0e istituire<\/strong>\u00a0come per il patentino del motorino o la patente automobilistica,\u00a0<strong>un esame<\/strong>\u00a0per chi desidera partecipare al\u00a0<strong>collegio elettorale\u00a0<\/strong>della propria area.<\/p>\n<p>&nbsp;<\/p>\n<p><span style=\"background-color: #993366; color: #ffffff; font-size: 16pt; font-family: tahoma, arial, helvetica, sans-serif;\"><strong>\u00a0sistema selecto-elettorale\u00a0<\/strong><\/span><\/p>\n<p><strong>Si intende un sistema in cui vengono eletti dai collegi elettorali tutti i rappresentanti dal livello Comunale al livello Parlamentare, in un\u2019unica elezione.<\/strong><\/p>\n<p><strong><span style=\"font-size: 12pt; font-family: tahoma, arial, helvetica, sans-serif; background-color: #0000ff; color: #ffffff;\">\u00a0facciamo un esempio per l\u2019Italia\u00a0<\/span><\/strong><\/p>\n<p><strong>Una premessa:<\/strong> tenendo conto che \u00e8 necessario accorpare i comuni pi\u00f9 piccoli fino a formare un&#8217;associazione di circa 5.000 persone, unit\u00e0 minima per la pianificazione economica,\u00a0tuttavia per semplicit\u00e0 tralasciamo questa nota.<\/p>\n<p>I collegi elettorali\u00a0<strong>eleggono<\/strong>\u00a0tutti i rappresentanti istituzionali dal livello comunale al livello parlamentare: in tutto ad es. 123.480 rappresentanti.<\/p>\n<p><img decoding=\"async\" class=\"aligncenter size-full wp-image-3711 lazyload\" data-src=\"https:\/\/irprout.it\/wp-content\/uploads\/2016\/12\/selecto-elettorale.jpg\" alt=\"selecto-elettorale\" width=\"602\" height=\"453\" data-srcset=\"https:\/\/irprout.it\/wp-content\/uploads\/2016\/12\/selecto-elettorale.jpg 602w, https:\/\/irprout.it\/wp-content\/uploads\/2016\/12\/selecto-elettorale-300x226.jpg 300w, https:\/\/irprout.it\/wp-content\/uploads\/2016\/12\/selecto-elettorale-600x451.jpg 600w, https:\/\/irprout.it\/wp-content\/uploads\/2016\/12\/selecto-elettorale-399x300.jpg 399w\" data-sizes=\"(max-width: 602px) 100vw, 602px\" src=\"data:image\/svg+xml;base64,PHN2ZyB3aWR0aD0iMSIgaGVpZ2h0PSIxIiB4bWxucz0iaHR0cDovL3d3dy53My5vcmcvMjAwMC9zdmciPjwvc3ZnPg==\" style=\"--smush-placeholder-width: 602px; --smush-placeholder-aspect-ratio: 602\/453;\" \/><\/p>\n<ul>\n<li>I\u00a0<strong>480\u00a0<\/strong><strong>eletti\u00a0selezioneranno<\/strong>\u00a0il primo livello di Amministrazione: i\u00a0<strong>Sindaci<\/strong><\/li>\n<li>L\u2019insieme dei sindaci e i rimanenti\u00a0<strong>selezioneranno\u00a0<\/strong>i rappresentanti delle Provincie.<\/li>\n<li>L\u2019insieme dei rappresentanti delle Provincie e i rimanenti\u00a0<strong>selezioneranno\u00a0<\/strong>i rappresentanti delle\u00a0Regioni.<\/li>\n<li>I Rappresentanti delle Regioni e i Rimanenti\u00a0<strong>selezioneranno\u00a0<\/strong>i rappresentanti della Camera e del Senato.<\/li>\n<\/ul>\n<p>Il\u00a0<strong>Primo Ministro<\/strong>\u00a0viene eletto dal Parlamento e il\u00a0<strong>Presidente<\/strong>\u00a0del paese dalla popolazione.<\/p>\n<p>Nel sistema politico proutista sono presenti le Province, se necessario o i distretti (area geografica con circa 100.000 abitanti), sempre se necessario.<\/p>\n<p><span style=\"background-color: #993366; color: #ffffff; font-size: 16pt; font-family: tahoma, arial, helvetica, sans-serif;\"><strong>\u00a0parlamento\u00a0<\/strong><\/span><\/p>\n<p><span style=\"background-color: #0000ff; color: #ffffff; font-size: 12pt; font-family: tahoma, arial, helvetica, sans-serif;\"><strong>\u00a0le funzioni di Camera e Senato sono distinte\u00a0<\/strong><\/span><\/p>\n<p>La Camera ha funzioni Analitiche delle problematiche delle aree interessate dai Collegi Elettorali, mentre il Senato ha una funzione Sintetica: vale a dire valutando in ragione di priorit\u00e0, necessit\u00e0, urgenza, fattibilit\u00e0 e obiettivi di sviluppo socio-economico, decider\u00e0 quali leggi vadano approvate, come unico organo deputato alla loro emanazione.<\/p>\n<p>&nbsp;<\/p>\n<p><span style=\"background-color: #993366; color: #ffffff; font-size: 16pt; font-family: tahoma, arial, helvetica, sans-serif;\"><strong>\u00a0rapporto stato-regioni-comuni\u00a0<\/strong><\/span><\/p>\n<p><span style=\"background-color: #0000ff; color: #ffffff; font-size: 12pt; font-family: tahoma, arial, helvetica, sans-serif;\"><strong>\u00a0le tre strutture statali\u00a0<\/strong><\/span><\/p>\n<p><em>(da \u2018Il Governo Mondiale\u2019 \u2013 Edizioni IRP-Istitutodi Ricerca Prout)<\/em><\/p>\n<p>Il Governo Mondiale avr\u00e0 tre rami &#8211; Legislativo, Esecutivo e Giudiziario, con una divisione chiara di potere tra di essi. All&#8217;inizio il Governo Mondiale dovrebbe funzionare come un organismo legislativo, mentre l\u2019amministrazione effettiva degli affari giornalieri sar\u00e0 lasciata all&#8217;amministrazione dei governi nazionali e regionali.<\/p>\n<p>L\u2019Organismo Legislativo a livello mondiale e nazionale (federale) \u00a0dovrebbe essere di tipo bicamerale, con un <strong>Camera Alta e un Camera Bassa<\/strong>. Membri della Camera Bassa saranno eletti in proporzione alla popolazione e quelli della Camera Alta saranno un numero fisso di rappresentanti per ogni Paese. Di conseguenza, un Paese come Cina potr\u00e0 avere pi\u00f9 rappresentanti nella Camera Bassa, ma nella Camera Alta ciascun Paese avr\u00e0 uguale rappresentanza.<\/p>\n<p>A livello nazionale il PROUT propone una federazione di stati con una forma di repubblica presidenziale.<\/p>\n<p><span style=\"background-color: #0000ff; color: #ffffff; font-size: 12pt; font-family: tahoma, arial, helvetica, sans-serif;\"><strong>\u00a0divisione e distribuzione dei poteri\u00a0<\/strong><\/span><\/p>\n<p>Tutti i poteri di ciascun livello di governo saranno suddivisi e distribuiti dalla costituzione mondiale o da una delibera organica del Consiglio Mondiale. Il Governo Mondiale rimarr\u00e0 responsabile della legislazione, delle relazioni internazionali, della salvaguardia dei diritti umani, della giustizia sociale ed economica, della valuta mondiale e del funzionamento della Banca Mondiale. Il Governo Mondiale dovrebbe avere a sua disposizione una milizia mondiale permanente senza alcun obbligo verso una qualsiasi nazione.<\/p>\n<p>Possono rimanere sotto la<strong> responsabilit\u00e0 dei governi nazionali:<\/strong> difesa nazionale, affari esteri, valuta, ferrovie, poste e telegrafi, questioni di carattere internazionale come la rettifica dei confini, l\u2019irrigazione e le grandi installazioni di generazione elettrica.<\/p>\n<p><strong>I governi regionali (o federali) rimarranno responsabili<\/strong> di agricoltura, industria, istruzione, infrastrutture, inclusa l\u2019energia, strade, installazioni mediche, leggi e ordine pubblico ecc.<\/p>\n<p><strong>L\u2019autogoverno locale<\/strong> sar\u00e0 responsabile del welfare sociale, dell\u2019approvvigionamento dell\u2019acqua, dell\u2019igiene, abitazioni, protezione ambientale, la protezione della flora e della fauna ecc.<\/p>\n<p>L&#8217;allocazione del reddito e la politica della tassazione pu\u00f2 essere decisa di conseguenza.<\/p>\n<p>I diversi livelli di governo dovrebbero avere giurisdizioni chiare, demarcazioni di responsabilit\u00e0 e poteri, e un sistema adeguato di coordinamento.<\/p>\n<p><strong>E&#8217; da notare che la divisione di poteri e funzioni in qualsiasi federazione non pu\u00f2 essere qui elencata precisamente e potrebbe essere distribuita tra diversi livelli di governo.<\/strong> Per motivi di sicurezza nelle contingenze future, tutte le costituzioni della federazione dovrebbero assegnare poteri non elencati o residui al governo nazionale o al governo statale. Negli stati che hanno forti tendenze centrifughe come gli Stati Uniti, i poteri residui dovrebbero essere assegnati ai governi statali, mentre negli stati come il Canada e l\u2019India, in cui le forze centripete sono pi\u00f9 forti, tali poteri dovrebbero essere assegnati al governo centrale.<\/p>\n<p>Su questioni funzionali, oltre alle funzioni nazionali e statali specifiche \u00e8 generalmente prevista nella costituzione una lista di poteri che Governo Mondiale possono essere assegnati sia ai governi nazionali che statali, per esercitare la propria autorit\u00e0 legislativa su questioni specifiche, purch\u00e9 non violino le leggi federali.<\/p>\n<p><span style=\"background-color: #993366; color: #ffffff; font-size: 16pt; font-family: tahoma, arial, helvetica, sans-serif;\"><strong>\u00a0supremazia della Costituzione\u00a0<\/strong><\/span><\/p>\n<p>La costituzione \u00e8 la fonte del potere e delle direttive funzionali per tutti i livelli di governo. Tutte le leggi approvate dai governi nazionali o statali non devono violare la costituzione mondiale. La costituzione dovrebbe essere chiara e rigida. Dovrebbero essere apportati emendamenti solo per affrontare le mutate circostanze, tenendo in considerazione il benessere generale e la razionalit\u00e0 delle relazioni fra gruppi e nazioni.<\/p>\n<p>&nbsp;<\/p>\n<p>&nbsp;<\/p>\n","protected":false},"excerpt":{"rendered":"<p>\u00a0La nostra visione del Sistema Politico Italiano\u00a0 Poich\u00e9 l&#8217;attuale liberismo non ha portato benessere all&#8217;intera societ\u00e0 umana, \u00e8 andato a vantaggio di pochi e contro i valori umani cardinali dell&#8217;esistenza, possiamo ben dire che &#8220;il Capitalismo non \u00e8 in grado di\u00a0risolvere i problemi umani&#8221; e quindi &#8220;il Capitalismo deve finire&#8221;. <span class=\"excerpt-dots\">&hellip;<\/span> <a class=\"more-link\" href=\"https:\/\/irprout.it\/?p=3707\"><span class=\"more-msg\">Continua a leggere<\/span><\/a><\/p>\n","protected":false},"author":3,"featured_media":0,"comment_status":"closed","ping_status":"closed","sticky":false,"template":"","format":"standard","meta":{"ngg_post_thumbnail":0,"footnotes":""},"categories":[7,19,39,8],"tags":[],"class_list":["post-3707","post","type-post","status-publish","format-standard","hentry","category-economia","category-ricerca_economica","category-ricerca_sociale","category-societa"],"yoast_head":"<!-- This site is optimized with the Yoast SEO plugin v26.6 - https:\/\/yoast.com\/wordpress\/plugins\/seo\/ -->\n<title>La nostra visione del Sistema Politico Italiano - Istituto di Ricerca Prout<\/title>\n<meta name=\"robots\" content=\"index, follow, max-snippet:-1, max-image-preview:large, max-video-preview:-1\" \/>\n<link rel=\"canonical\" href=\"https:\/\/irprout.it\/?p=3707\" \/>\n<meta property=\"og:locale\" content=\"it_IT\" \/>\n<meta property=\"og:type\" content=\"article\" \/>\n<meta property=\"og:title\" content=\"La nostra visione del Sistema Politico Italiano - Istituto di Ricerca Prout\" \/>\n<meta property=\"og:description\" content=\"\u00a0La nostra visione del Sistema Politico Italiano\u00a0 Poich\u00e9 l&#8217;attuale liberismo non ha portato benessere all&#8217;intera societ\u00e0 umana, \u00e8 andato a vantaggio di pochi e contro i valori umani cardinali dell&#8217;esistenza, possiamo ben dire che &#8220;il Capitalismo non \u00e8 in grado di\u00a0risolvere i problemi umani&#8221; e quindi &#8220;il Capitalismo deve finire&#8221;. &hellip; Continua a leggere\" \/>\n<meta property=\"og:url\" content=\"https:\/\/irprout.it\/?p=3707\" \/>\n<meta property=\"og:site_name\" content=\"Istituto di Ricerca Prout\" \/>\n<meta property=\"article:author\" content=\"https:\/\/it-it.facebook.com\/IRPROUT\" \/>\n<meta property=\"article:published_time\" content=\"2016-12-05T17:23:47+00:00\" \/>\n<meta property=\"article:modified_time\" content=\"2016-12-06T16:03:59+00:00\" \/>\n<meta property=\"og:image\" content=\"http:\/\/irprout.it\/wp-content\/uploads\/2016\/12\/selecto-elettorale.jpg\" \/>\n<meta name=\"author\" content=\"Tarcisio Bonotto\" \/>\n<meta name=\"twitter:label1\" content=\"Scritto da\" \/>\n\t<meta name=\"twitter:data1\" content=\"Tarcisio Bonotto\" \/>\n\t<meta name=\"twitter:label2\" content=\"Tempo di lettura stimato\" \/>\n\t<meta name=\"twitter:data2\" content=\"10 minuti\" \/>\n<script type=\"application\/ld+json\" class=\"yoast-schema-graph\">{\"@context\":\"https:\/\/schema.org\",\"@graph\":[{\"@type\":\"Article\",\"@id\":\"https:\/\/irprout.it\/?p=3707#article\",\"isPartOf\":{\"@id\":\"https:\/\/irprout.it\/?p=3707\"},\"author\":{\"name\":\"Tarcisio Bonotto\",\"@id\":\"https:\/\/irprout.it\/#\/schema\/person\/c29256b88f25238a0a5436e1dbe26555\"},\"headline\":\"La nostra visione del Sistema Politico Italiano\",\"datePublished\":\"2016-12-05T17:23:47+00:00\",\"dateModified\":\"2016-12-06T16:03:59+00:00\",\"mainEntityOfPage\":{\"@id\":\"https:\/\/irprout.it\/?p=3707\"},\"wordCount\":2018,\"publisher\":{\"@id\":\"https:\/\/irprout.it\/#organization\"},\"image\":{\"@id\":\"https:\/\/irprout.it\/?p=3707#primaryimage\"},\"thumbnailUrl\":\"http:\/\/irprout.it\/wp-content\/uploads\/2016\/12\/selecto-elettorale.jpg\",\"articleSection\":[\"Economia\",\"Ricerca Economica\",\"Ricerca sociale\",\"Societ\u00e0\"],\"inLanguage\":\"it-IT\"},{\"@type\":\"WebPage\",\"@id\":\"https:\/\/irprout.it\/?p=3707\",\"url\":\"https:\/\/irprout.it\/?p=3707\",\"name\":\"La nostra visione del Sistema Politico Italiano - Istituto di Ricerca Prout\",\"isPartOf\":{\"@id\":\"https:\/\/irprout.it\/#website\"},\"primaryImageOfPage\":{\"@id\":\"https:\/\/irprout.it\/?p=3707#primaryimage\"},\"image\":{\"@id\":\"https:\/\/irprout.it\/?p=3707#primaryimage\"},\"thumbnailUrl\":\"http:\/\/irprout.it\/wp-content\/uploads\/2016\/12\/selecto-elettorale.jpg\",\"datePublished\":\"2016-12-05T17:23:47+00:00\",\"dateModified\":\"2016-12-06T16:03:59+00:00\",\"breadcrumb\":{\"@id\":\"https:\/\/irprout.it\/?p=3707#breadcrumb\"},\"inLanguage\":\"it-IT\",\"potentialAction\":[{\"@type\":\"ReadAction\",\"target\":[\"https:\/\/irprout.it\/?p=3707\"]}]},{\"@type\":\"ImageObject\",\"inLanguage\":\"it-IT\",\"@id\":\"https:\/\/irprout.it\/?p=3707#primaryimage\",\"url\":\"https:\/\/irprout.it\/wp-content\/uploads\/2016\/12\/selecto-elettorale.jpg\",\"contentUrl\":\"https:\/\/irprout.it\/wp-content\/uploads\/2016\/12\/selecto-elettorale.jpg\",\"width\":602,\"height\":453},{\"@type\":\"BreadcrumbList\",\"@id\":\"https:\/\/irprout.it\/?p=3707#breadcrumb\",\"itemListElement\":[{\"@type\":\"ListItem\",\"position\":1,\"name\":\"Home\",\"item\":\"https:\/\/irprout.it\/\"},{\"@type\":\"ListItem\",\"position\":2,\"name\":\"La nostra visione del Sistema Politico Italiano\"}]},{\"@type\":\"WebSite\",\"@id\":\"https:\/\/irprout.it\/#website\",\"url\":\"https:\/\/irprout.it\/\",\"name\":\"Istituto di Ricerca Prout\",\"description\":\"Istituto di Ricerca Prout\",\"publisher\":{\"@id\":\"https:\/\/irprout.it\/#organization\"},\"potentialAction\":[{\"@type\":\"SearchAction\",\"target\":{\"@type\":\"EntryPoint\",\"urlTemplate\":\"https:\/\/irprout.it\/?s={search_term_string}\"},\"query-input\":{\"@type\":\"PropertyValueSpecification\",\"valueRequired\":true,\"valueName\":\"search_term_string\"}}],\"inLanguage\":\"it-IT\"},{\"@type\":\"Organization\",\"@id\":\"https:\/\/irprout.it\/#organization\",\"name\":\"Istituto di Ricerca Prout\",\"url\":\"https:\/\/irprout.it\/\",\"logo\":{\"@type\":\"ImageObject\",\"inLanguage\":\"it-IT\",\"@id\":\"https:\/\/irprout.it\/#\/schema\/logo\/image\/\",\"url\":\"http:\/\/irprout.it\/wp-content\/uploads\/2014\/10\/logo_IRP_albero300Cor.jpg\",\"contentUrl\":\"http:\/\/irprout.it\/wp-content\/uploads\/2014\/10\/logo_IRP_albero300Cor.jpg\",\"width\":303,\"height\":304,\"caption\":\"Istituto di Ricerca Prout\"},\"image\":{\"@id\":\"https:\/\/irprout.it\/#\/schema\/logo\/image\/\"}},{\"@type\":\"Person\",\"@id\":\"https:\/\/irprout.it\/#\/schema\/person\/c29256b88f25238a0a5436e1dbe26555\",\"name\":\"Tarcisio Bonotto\",\"image\":{\"@type\":\"ImageObject\",\"inLanguage\":\"it-IT\",\"@id\":\"https:\/\/irprout.it\/#\/schema\/person\/image\/\",\"url\":\"https:\/\/secure.gravatar.com\/avatar\/8a341cc2c6188834b6220892d8c7f44835b971a191e4b4c7f0bdcf998648bf79?s=96&d=mm&r=g\",\"contentUrl\":\"https:\/\/secure.gravatar.com\/avatar\/8a341cc2c6188834b6220892d8c7f44835b971a191e4b4c7f0bdcf998648bf79?s=96&d=mm&r=g\",\"caption\":\"Tarcisio Bonotto\"},\"sameAs\":[\"http:\/\/irprout.it,www.prout.it\",\"https:\/\/it-it.facebook.com\/IRPROUT\",\"https:\/\/x.com\/#tarcisio.bonotto\"],\"url\":\"https:\/\/irprout.it\/?author=3\"}]}<\/script>\n<!-- \/ Yoast SEO plugin. -->","yoast_head_json":{"title":"La nostra visione del Sistema Politico Italiano - Istituto di Ricerca Prout","robots":{"index":"index","follow":"follow","max-snippet":"max-snippet:-1","max-image-preview":"max-image-preview:large","max-video-preview":"max-video-preview:-1"},"canonical":"https:\/\/irprout.it\/?p=3707","og_locale":"it_IT","og_type":"article","og_title":"La nostra visione del Sistema Politico Italiano - Istituto di Ricerca Prout","og_description":"\u00a0La nostra visione del Sistema Politico Italiano\u00a0 Poich\u00e9 l&#8217;attuale liberismo non ha portato benessere all&#8217;intera societ\u00e0 umana, \u00e8 andato a vantaggio di pochi e contro i valori umani cardinali dell&#8217;esistenza, possiamo ben dire che &#8220;il Capitalismo non \u00e8 in grado di\u00a0risolvere i problemi umani&#8221; e quindi &#8220;il Capitalismo deve finire&#8221;. &hellip; Continua a leggere","og_url":"https:\/\/irprout.it\/?p=3707","og_site_name":"Istituto di Ricerca Prout","article_author":"https:\/\/it-it.facebook.com\/IRPROUT","article_published_time":"2016-12-05T17:23:47+00:00","article_modified_time":"2016-12-06T16:03:59+00:00","og_image":[{"url":"http:\/\/irprout.it\/wp-content\/uploads\/2016\/12\/selecto-elettorale.jpg","type":"","width":"","height":""}],"author":"Tarcisio Bonotto","twitter_misc":{"Scritto da":"Tarcisio Bonotto","Tempo di lettura stimato":"10 minuti"},"schema":{"@context":"https:\/\/schema.org","@graph":[{"@type":"Article","@id":"https:\/\/irprout.it\/?p=3707#article","isPartOf":{"@id":"https:\/\/irprout.it\/?p=3707"},"author":{"name":"Tarcisio Bonotto","@id":"https:\/\/irprout.it\/#\/schema\/person\/c29256b88f25238a0a5436e1dbe26555"},"headline":"La nostra visione del Sistema Politico Italiano","datePublished":"2016-12-05T17:23:47+00:00","dateModified":"2016-12-06T16:03:59+00:00","mainEntityOfPage":{"@id":"https:\/\/irprout.it\/?p=3707"},"wordCount":2018,"publisher":{"@id":"https:\/\/irprout.it\/#organization"},"image":{"@id":"https:\/\/irprout.it\/?p=3707#primaryimage"},"thumbnailUrl":"http:\/\/irprout.it\/wp-content\/uploads\/2016\/12\/selecto-elettorale.jpg","articleSection":["Economia","Ricerca Economica","Ricerca sociale","Societ\u00e0"],"inLanguage":"it-IT"},{"@type":"WebPage","@id":"https:\/\/irprout.it\/?p=3707","url":"https:\/\/irprout.it\/?p=3707","name":"La nostra visione del Sistema Politico Italiano - Istituto di Ricerca Prout","isPartOf":{"@id":"https:\/\/irprout.it\/#website"},"primaryImageOfPage":{"@id":"https:\/\/irprout.it\/?p=3707#primaryimage"},"image":{"@id":"https:\/\/irprout.it\/?p=3707#primaryimage"},"thumbnailUrl":"http:\/\/irprout.it\/wp-content\/uploads\/2016\/12\/selecto-elettorale.jpg","datePublished":"2016-12-05T17:23:47+00:00","dateModified":"2016-12-06T16:03:59+00:00","breadcrumb":{"@id":"https:\/\/irprout.it\/?p=3707#breadcrumb"},"inLanguage":"it-IT","potentialAction":[{"@type":"ReadAction","target":["https:\/\/irprout.it\/?p=3707"]}]},{"@type":"ImageObject","inLanguage":"it-IT","@id":"https:\/\/irprout.it\/?p=3707#primaryimage","url":"https:\/\/irprout.it\/wp-content\/uploads\/2016\/12\/selecto-elettorale.jpg","contentUrl":"https:\/\/irprout.it\/wp-content\/uploads\/2016\/12\/selecto-elettorale.jpg","width":602,"height":453},{"@type":"BreadcrumbList","@id":"https:\/\/irprout.it\/?p=3707#breadcrumb","itemListElement":[{"@type":"ListItem","position":1,"name":"Home","item":"https:\/\/irprout.it\/"},{"@type":"ListItem","position":2,"name":"La nostra visione del Sistema Politico Italiano"}]},{"@type":"WebSite","@id":"https:\/\/irprout.it\/#website","url":"https:\/\/irprout.it\/","name":"Istituto di Ricerca Prout","description":"Istituto di Ricerca Prout","publisher":{"@id":"https:\/\/irprout.it\/#organization"},"potentialAction":[{"@type":"SearchAction","target":{"@type":"EntryPoint","urlTemplate":"https:\/\/irprout.it\/?s={search_term_string}"},"query-input":{"@type":"PropertyValueSpecification","valueRequired":true,"valueName":"search_term_string"}}],"inLanguage":"it-IT"},{"@type":"Organization","@id":"https:\/\/irprout.it\/#organization","name":"Istituto di Ricerca Prout","url":"https:\/\/irprout.it\/","logo":{"@type":"ImageObject","inLanguage":"it-IT","@id":"https:\/\/irprout.it\/#\/schema\/logo\/image\/","url":"http:\/\/irprout.it\/wp-content\/uploads\/2014\/10\/logo_IRP_albero300Cor.jpg","contentUrl":"http:\/\/irprout.it\/wp-content\/uploads\/2014\/10\/logo_IRP_albero300Cor.jpg","width":303,"height":304,"caption":"Istituto di Ricerca Prout"},"image":{"@id":"https:\/\/irprout.it\/#\/schema\/logo\/image\/"}},{"@type":"Person","@id":"https:\/\/irprout.it\/#\/schema\/person\/c29256b88f25238a0a5436e1dbe26555","name":"Tarcisio Bonotto","image":{"@type":"ImageObject","inLanguage":"it-IT","@id":"https:\/\/irprout.it\/#\/schema\/person\/image\/","url":"https:\/\/secure.gravatar.com\/avatar\/8a341cc2c6188834b6220892d8c7f44835b971a191e4b4c7f0bdcf998648bf79?s=96&d=mm&r=g","contentUrl":"https:\/\/secure.gravatar.com\/avatar\/8a341cc2c6188834b6220892d8c7f44835b971a191e4b4c7f0bdcf998648bf79?s=96&d=mm&r=g","caption":"Tarcisio Bonotto"},"sameAs":["http:\/\/irprout.it,www.prout.it","https:\/\/it-it.facebook.com\/IRPROUT","https:\/\/x.com\/#tarcisio.bonotto"],"url":"https:\/\/irprout.it\/?author=3"}]}},"_links":{"self":[{"href":"https:\/\/irprout.it\/index.php?rest_route=\/wp\/v2\/posts\/3707","targetHints":{"allow":["GET"]}}],"collection":[{"href":"https:\/\/irprout.it\/index.php?rest_route=\/wp\/v2\/posts"}],"about":[{"href":"https:\/\/irprout.it\/index.php?rest_route=\/wp\/v2\/types\/post"}],"author":[{"embeddable":true,"href":"https:\/\/irprout.it\/index.php?rest_route=\/wp\/v2\/users\/3"}],"replies":[{"embeddable":true,"href":"https:\/\/irprout.it\/index.php?rest_route=%2Fwp%2Fv2%2Fcomments&post=3707"}],"version-history":[{"count":13,"href":"https:\/\/irprout.it\/index.php?rest_route=\/wp\/v2\/posts\/3707\/revisions"}],"predecessor-version":[{"id":3733,"href":"https:\/\/irprout.it\/index.php?rest_route=\/wp\/v2\/posts\/3707\/revisions\/3733"}],"wp:attachment":[{"href":"https:\/\/irprout.it\/index.php?rest_route=%2Fwp%2Fv2%2Fmedia&parent=3707"}],"wp:term":[{"taxonomy":"category","embeddable":true,"href":"https:\/\/irprout.it\/index.php?rest_route=%2Fwp%2Fv2%2Fcategories&post=3707"},{"taxonomy":"post_tag","embeddable":true,"href":"https:\/\/irprout.it\/index.php?rest_route=%2Fwp%2Fv2%2Ftags&post=3707"}],"curies":[{"name":"wp","href":"https:\/\/api.w.org\/{rel}","templated":true}]}}