{"id":3742,"date":"2016-12-11T00:32:58","date_gmt":"2016-12-10T23:32:58","guid":{"rendered":"http:\/\/irprout.it\/?p=3742"},"modified":"2020-05-21T07:53:48","modified_gmt":"2020-05-21T06:53:48","slug":"prout-e-lambiente","status":"publish","type":"post","link":"https:\/\/irprout.it\/?p=3742","title":{"rendered":"PROUT e l&#8217;Ambiente"},"content":{"rendered":"<p>&nbsp;<\/p>\n<p><span style=\"font-size: 24pt; font-family: tahoma, arial, helvetica, sans-serif;\"><strong><span style=\"color: #ffffff; background-color: #008000;\">&nbsp;prout e l\u2019ambiente&nbsp;<\/span><\/strong><\/span><\/p>\n<p>di Ravi Batra<\/p>\n<p><img decoding=\"async\" class=\"size-full wp-image-532 alignleft lazyload\" data-src=\"https:\/\/irprout.it\/wp-content\/uploads\/2014\/10\/RBatra.jpg\" alt=\"\" width=\"273\" height=\"192\" src=\"data:image\/svg+xml;base64,PHN2ZyB3aWR0aD0iMSIgaGVpZ2h0PSIxIiB4bWxucz0iaHR0cDovL3d3dy53My5vcmcvMjAwMC9zdmciPjwvc3ZnPg==\" style=\"--smush-placeholder-width: 273px; --smush-placeholder-aspect-ratio: 273\/192;\"><span style=\"font-size: 12pt;\"><span style=\"background-color: #99cc00;\">Vediamo ora cosa abbia da aggiungere, al dibattito ambientalista ancora in corso, la teoria socio-economica Prout, un dibattito destinato a crescere in futuro. Il nostro ambiente, in tutto il mondo, \u00e8 cos\u00ec profondamente contaminato, che ogni teoria relativa al benessere sociale, dovr\u00e0 affrontare questa crisi.<\/span><\/span><\/p>\n<p>Il Prout condivide molte idee emerse nel dibattito ambientalista, ma si differenzia per le varie soluzioni. Il concetto di progresso&nbsp; di Sarkar identifica con certezza la cause basilari del degrado ambientale. Quattro anni fa Commoner identificava nell\u2019avanzamento tecnologico la maggior causa di inquinamento. Sarkar sostiene la necessit\u00e0 di un equilibrato utilizzo delle risorse materiali e non materiali. La sua idea di progresso porta con s\u00e9 le segueti implicazioni per un cambiamento scientifico e tecnologico.<\/p>\n<ol>\n<li>Nella visione di Sarkar, ogni scoperta scientifica o avanzamento tecnologico, che sembra rendere la vita pi\u00f9 facile, deve per forza provocare dannose emissioni e rendere la vita pi\u00f9 difficoltosa, nella stessa misura. I cambiamenti tecnologici sono stati classificati dagli economisti in tre categorie: a intensit\u00e0 di capitale, intensit\u00e0 di manodopera e una via di mezzo tra le due. Normalmente \u00e8 la tecnologia, a intensit\u00e0 di capitale, che sembra rendere la vita pi\u00f9 facile, poich\u00e9 il lavoro tedioso, manuale e ripetitivo pu\u00f2 essere ora meccanizzato. Ma la macchine usano energia e la produzione di energia inquina l\u2019ambiente. Perci\u00f2 l\u2019uso delle macchine, porta ad un aumento dell\u2019inquinamento. Nel caso in cui il rapporto macchina-lavoro rimanesse stabile o scendesse, i cambiamenti nella tecnologia non aumenterebbero i danni all\u2019ambiente. Questo tipo di avanzamento tecnologico generalmente non \u00e8 associato a scoperte scientifiche. E\u2019 in genere il risultato di un miglioramento gestionale, o un aumento della divisione del lavoro, ma non dipende da nuove invenzioni o nuove strumentazioni. Possiamo perci\u00f2 concludere che solo i cambiamenti tecnologici ad alta intensit\u00e0 di capitale danneggiano l\u2019ambiente. Le tecnologie ad alta intensit\u00e0 di manodopera o neutrali non lo danneggiano.<\/li>\n<\/ol>\n<p>Per qualunque tipo di industrializzazione si sia realizzata negli ultimi 200 anni, i cambiamenti tecnologici sono sempre stati ad alta intensit\u00e0 di capitale, e non ci si dovrebbe perci\u00f2 meravigliare se gli effetti accumulatisi, dall\u2019utilizzo delle passate invenzioni, abbiano causato un inquinamento senza precedenti.<\/p>\n<ol start=\"2\">\n<li>La definizione del concetto di progresso di Sarkar, \u00e8 precisa e chiara. Essa implica che qualsiasi scoperta scientifica, incluse anche quelle per il controllo dell\u2019inquinamento, creer\u00e0 deleteri effetti collaterali, ci\u00f2 che Mishan chiama disamenit\u00e0. Le tecnologie per il controllo dell\u2019inquinamento generano emissioni nocive esse stesse. Qui sta la gravit\u00e0 dei problemi ambientali. Non dovrebbero essere presi alla leggera, specialmente nei paesi dove hanno gi\u00e0 iniziato a danneggiare la salute e l\u2019efficienza produttiva. Negli Stati Uniti, su pressione governativa, sono stati installati in molte aziende dei filtri anti-inquinamento. Queste attrezzature, nulla da dire, eliminano il 99,8% del particolato che verrebbe rilasciato nell\u2019aria. Ma oggi gli scienziati ci dicono che questi stessi filtri generano inquinamento. Rilasciano particelle minutissime, invisibili, elettricamente cariche che possono influenzate la piovosit\u00e0.<\/li>\n<\/ol>\n<p>Chi afferma che il degrado ambientale, nei paesi industrializzati, pu\u00f2 essere risolto dalla tassazione penalizzante che influenzer\u00e0 il meccanismo del mercato, sbaglia di grosso. Ci vorr\u00e0 un monumentale investimento nazionale, se non internazionale, per correggere effetti dannosi accumulatesi in decine di anni di incontrollato uso, in tutto il mondo, di tecnologie ad alta intensit\u00e0 di capitale.<\/p>\n<ol start=\"3\">\n<li>Poich\u00e9 ogni tecnologia ad alta intensit\u00e0 di capitale, provoca emissioni dannose, non pu\u00f2 essere lasciata nelle mani dei produttori privati, perch\u00e9 essi si preoccupano solo del benefici effetti dei propri profitti, scartando gli insalubri effetti collaterali sul resto della societ\u00e0. La ricerca scientifica perci\u00f2 dovr\u00e0 essere gestita dal settore pubblico. I privati possono essere implicati nella ricerca, ma nessuna invenzione potr\u00e0 essere tradotta in tecnologia industriale senza l\u2019approvazione del governo che dovr\u00e0 determinare quali potranno essere, a lunga scadenza, i possibili effetti collaterali.<\/li>\n<li>Il quarto principio del Prout sostiene la necessit\u00e0 di un equilibrio nell\u2019utilizzo delle risorse dell\u2019universo in modo tale da minimizzare l\u2019inquinamento.<\/li>\n<\/ol>\n<p>Il degrado ambientale pu\u00f2 essere definito squilibrio nell\u2019uti-lizzo delle risorse materiali per l\u2019uso, di ci\u00f2 che Commoner definisce, tecnologia non ecologica. Non c\u2019\u00e8 dubbio che un tale squilibrio oggi esista nel mondo. Perci\u00f2 il Prout incita ad uno sforzo internazionale per la pulizia dell\u2019ambiente. Come potr\u00e0 essere realizzata? La pulizia ambientale non \u00e8 un compito semplice. Qui il Prout \u00e8 d\u2019accordo con Commoner sulla necessit\u00e0 di nuove tecnologie. E\u2019 vero che le nuove invenzioni generano emissioni dannose, e allora le nuove tecnologie dovranno essere progettate per eliminare sia l\u2019inquinamento precedente sia quello nuovo. Tali tecnologie sono nelle nostre possibilit\u00e0. Diamante taglia diamante. Che tecnologia tagli tecnologia.<\/p>\n<ol start=\"5\">\n<li>Coloro che invocano limiti allo sviluppo e alla crescita della popolazione hanno pure torto. Nell\u2019ottica Prout, la crescita della popolazione \u00e8 solo un problema marginale che nasce principalmente dalla disparit\u00e0 della distribuzione dei redditi tra i diversi paesi. La popolazione non \u00e8 non \u00e8 mai stata un problema di largo impatto. Il problema, \u00e8 invece, un inadeguato utilizzo delle risorse. Maltus non pot\u00e8 prevedere gli sviluppi tecnologici che si sono verificati dal tempo della sua profezia della fine del mondo. Oggi gli stessi sostenitori della fine del mondo non sono in grado di vedere oltre i limiti di questo pianeta. Il loro concetto di risorse \u00e8 limitato al nostro pianeta e lo storico viaggio sulla luna di alcuni americani possono dimostrarne la miopia.<\/li>\n<\/ol>\n<p>Secondo il Prout i limiti ultimi delle risorse materiali sono tracciati dall\u2019universo, non solo dalla nostra piccola Terra. Possibilmente se la terra non sar\u00e0 pi\u00f9 un pianeta ospitale per i suoi abitanti, gli esseri umani potranno migrare su altri pianeti e creare nuove civilt\u00e0. L\u2019america era sconosciuta a gran parte del mondo fino al 1492. Ma questo non signific\u00f2 che sarebbe stata rimasta sconosciuta per sempre. Oggi sembra non ci sia vita su altri pianeti o siano inaccessibili, ma questa \u00e8 la sfida che gli esseri umani, hanno sempre incontrato, anche in passato, nel loro incedere. L\u2019intelletto umano ha creato le crisi ambientali, l\u2019intelletto umano le eliminer\u00e0. Non avr\u00e0 nessuna importanza se la popolazione crescer\u00e0 ad un tasso elevato o meno.<\/p>\n<p>In realt\u00e0 \u00e8 impossibile controllare la popolazione su scala mondiale. Una nazione o pi\u00f9 nazioni possono controllare la propria popolazione, ma non tutti i paesi. Questo avviene grazie alla legge dell\u2019evoluzione dove la materia deve trovare espressione nella vita. La popolazione continuer\u00e0 a crescere. Sar\u00e0 decimata momentaneamente dalle guerre, carestie e altre catastrofi e anche dalla pianificazione familiare. Ma non pu\u00f2 rimanere sotto controllo per sempre. Tutti gli sforzi perci\u00f2 di controllare la popolazione saranno destinati a fallire e questo \u00e8 pi\u00f9 evidente oggi di ieri. La crescita della popolazione \u00e8 in qualche modo una benedizione. Senza una grossa popolazione le nuove tecnologie non avrebbero mai potuto essere operative. Nessuno pu\u00f2 incolpare la scienza, per quanti errori essa abbia fatto, per l\u2019aumentata capacit\u00e0 di approvvigionamento nel campo alimentare, nel passato insicura e dipendente dalle condizioni naturali. Allo stesso tempo con problemi di approvvigionamento di una vasta popolazione, non si sarebbero allargati gli orizzonti mentali come lo sono oggi. Nel passato la minore popolazione era organizzata in villaggi. Con il suo aumento si sono create le citt\u00e0 stato, le province e infine le nazioni. Perci\u00f2 l\u2019aumento della popolazione ha espanso i contatti umani dalla citt\u00e0 alle nazioni. La mente umana e le istituzioni, qualunque siano le loro contraddizioni, sono diventate lentamente pi\u00f9 lungimiranti e ampie. La crescita della popolazione, in altre parole, non \u00e8 necessariamente sempre deleteria. In India la gente tende a scaricare tutti i loro problemi sull\u2019eccessiva crescita della popolazione. Ci\u00f2 serve solamente a nascondere il vero problema della povert\u00e0 del paese. Il Giappone ha una popolazione maggiore e minori risorse per chilometro quadrato dell\u2019india. Ciononostante il Giappone negli ultimi quarant\u2019anni ha creato un miracolo economico. L\u2019Europa, anch\u2019essa densamente popolata, \u00e8 comunque pi\u00f9 ricca dell\u2019India. La popolazione \u00e8 raramente causa della povert\u00e0. La corruzione e le deficitarie politiche economiche creano pi\u00f9 fame e sfollati, del numero di abitanti che insistono sul territorio. In ogni caso la povert\u00e0 stessa \u00e8 la causa di un alto tasso di crescita della popolazione, che diminuir\u00e0 se il paese prospera attraverso delle politiche economiche adeguate.<\/p>\n<p>Per concludere la nostra discussione, il Prout incoraggia le scoperte scientifiche, ma devono essere tali da poter controllare i propri effetti dannosi. Innanzitutto, dovr\u00e0 essere riconosciuto, che ogni avanzamento scientifico porta con s\u00e9 degli effetti collaterali dannosi. I numeri dell\u2019attuale popolazione mondiale sono solo un inconveniente marginale. Il problema maggiore nasce dall\u2019uso inefficiente delle risorse mondiali. Si potrebbe obiettare sulla bont\u00e0 della crescita economica continua di alcune economie sviluppate, non perch\u00e9 ci siano limiti alla crescita ma perch\u00e9 ci\u00f2 ha generato materialismo, egoismo e criminalit\u00e0. Riguardo ai paesi in via di sviluppo, \u00e8 necessario un alto tasso di crescita per risolvere il problema della sopravvivenza della popolazione. Questo \u00e8 il tema di discussione della proposta economica della teoria Prout.<\/p>\n<p><span style=\"font-size: 12pt; color: #ffffff; background-color: #999999;\">&nbsp;Scaricate l&#8217;opuscolo <strong><a style=\"color: #ffffff; background-color: #999999;\" href=\"https:\/\/irprout.it\/wp-content\/uploads\/2016\/12\/Ravi-Batra-Qualit\u00e0-dell-ambiente.pdf\">PROUT e l&#8217;Ambiente<\/a><\/strong> che comprende:&nbsp;<\/span><\/p>\n<ul>\n<li><a href=\"https:\/\/irprout.it\/wp-content\/uploads\/2016\/12\/Ravi-Batra-Qualit\u00e0-dell-ambiente.pdf\"><strong>Qualit\u00e0 dell\u2019ambiente<\/strong><\/a><br \/>\n<a href=\"https:\/\/irprout.it\/wp-content\/uploads\/2016\/12\/Ravi-Batra-Qualit\u00e0-dell-ambiente.pdf\"><strong>Prout e l\u2019Ambiente<\/strong><\/a><br \/>\n<a href=\"https:\/\/irprout.it\/wp-content\/uploads\/2016\/12\/Ravi-Batra-Qualit\u00e0-dell-ambiente.pdf\"><strong>Sviluppo economico<\/strong><\/a><\/li>\n<\/ul>\n","protected":false},"excerpt":{"rendered":"<p>&nbsp; &nbsp;prout e l\u2019ambiente&nbsp; di Ravi Batra Vediamo ora cosa abbia da aggiungere, al dibattito ambientalista ancora in corso, la teoria socio-economica Prout, un dibattito destinato a crescere in futuro. Il nostro ambiente, in tutto il mondo, \u00e8 cos\u00ec profondamente contaminato, che ogni teoria relativa al benessere sociale, dovr\u00e0 affrontare <span class=\"excerpt-dots\">&hellip;<\/span> <a class=\"more-link\" href=\"https:\/\/irprout.it\/?p=3742\"><span class=\"more-msg\">Continua a leggere<\/span><\/a><\/p>\n","protected":false},"author":3,"featured_media":0,"comment_status":"closed","ping_status":"closed","sticky":false,"template":"","format":"standard","meta":{"ngg_post_thumbnail":0,"footnotes":""},"categories":[26,7,19],"tags":[],"class_list":["post-3742","post","type-post","status-publish","format-standard","hentry","category-ambiente","category-economia","category-ricerca_economica"],"yoast_head":"<!-- This site is optimized with the Yoast SEO plugin v26.6 - https:\/\/yoast.com\/wordpress\/plugins\/seo\/ -->\n<title>PROUT e l&#039;Ambiente - Istituto di Ricerca Prout<\/title>\n<meta name=\"robots\" content=\"index, follow, max-snippet:-1, max-image-preview:large, max-video-preview:-1\" \/>\n<link rel=\"canonical\" href=\"https:\/\/irprout.it\/?p=3742\" \/>\n<meta property=\"og:locale\" content=\"it_IT\" \/>\n<meta property=\"og:type\" content=\"article\" \/>\n<meta property=\"og:title\" content=\"PROUT e l&#039;Ambiente - Istituto di Ricerca Prout\" \/>\n<meta property=\"og:description\" content=\"&nbsp; &nbsp;prout e l\u2019ambiente&nbsp; di Ravi Batra Vediamo ora cosa abbia da aggiungere, al dibattito ambientalista ancora in corso, la teoria socio-economica Prout, un dibattito destinato a crescere in futuro. Il nostro ambiente, in tutto il mondo, \u00e8 cos\u00ec profondamente contaminato, che ogni teoria relativa al benessere sociale, dovr\u00e0 affrontare &hellip; Continua a leggere\" \/>\n<meta property=\"og:url\" content=\"https:\/\/irprout.it\/?p=3742\" \/>\n<meta property=\"og:site_name\" content=\"Istituto di Ricerca Prout\" \/>\n<meta property=\"article:author\" content=\"https:\/\/it-it.facebook.com\/IRPROUT\" \/>\n<meta property=\"article:published_time\" content=\"2016-12-10T23:32:58+00:00\" \/>\n<meta property=\"article:modified_time\" content=\"2020-05-21T06:53:48+00:00\" \/>\n<meta property=\"og:image\" content=\"http:\/\/irprout.it\/wp-content\/uploads\/2014\/10\/RBatra.jpg\" \/>\n<meta name=\"author\" content=\"Tarcisio Bonotto\" \/>\n<meta name=\"twitter:label1\" content=\"Scritto da\" \/>\n\t<meta name=\"twitter:data1\" content=\"Tarcisio Bonotto\" \/>\n\t<meta name=\"twitter:label2\" content=\"Tempo di lettura stimato\" \/>\n\t<meta name=\"twitter:data2\" content=\"7 minuti\" \/>\n<script type=\"application\/ld+json\" class=\"yoast-schema-graph\">{\"@context\":\"https:\/\/schema.org\",\"@graph\":[{\"@type\":\"Article\",\"@id\":\"https:\/\/irprout.it\/?p=3742#article\",\"isPartOf\":{\"@id\":\"https:\/\/irprout.it\/?p=3742\"},\"author\":{\"name\":\"Tarcisio Bonotto\",\"@id\":\"https:\/\/irprout.it\/#\/schema\/person\/c29256b88f25238a0a5436e1dbe26555\"},\"headline\":\"PROUT e l&#8217;Ambiente\",\"datePublished\":\"2016-12-10T23:32:58+00:00\",\"dateModified\":\"2020-05-21T06:53:48+00:00\",\"mainEntityOfPage\":{\"@id\":\"https:\/\/irprout.it\/?p=3742\"},\"wordCount\":1493,\"publisher\":{\"@id\":\"https:\/\/irprout.it\/#organization\"},\"image\":{\"@id\":\"https:\/\/irprout.it\/?p=3742#primaryimage\"},\"thumbnailUrl\":\"http:\/\/irprout.it\/wp-content\/uploads\/2014\/10\/RBatra.jpg\",\"articleSection\":[\"Ambiente\",\"Economia\",\"Ricerca Economica\"],\"inLanguage\":\"it-IT\"},{\"@type\":\"WebPage\",\"@id\":\"https:\/\/irprout.it\/?p=3742\",\"url\":\"https:\/\/irprout.it\/?p=3742\",\"name\":\"PROUT e l'Ambiente - Istituto di Ricerca Prout\",\"isPartOf\":{\"@id\":\"https:\/\/irprout.it\/#website\"},\"primaryImageOfPage\":{\"@id\":\"https:\/\/irprout.it\/?p=3742#primaryimage\"},\"image\":{\"@id\":\"https:\/\/irprout.it\/?p=3742#primaryimage\"},\"thumbnailUrl\":\"http:\/\/irprout.it\/wp-content\/uploads\/2014\/10\/RBatra.jpg\",\"datePublished\":\"2016-12-10T23:32:58+00:00\",\"dateModified\":\"2020-05-21T06:53:48+00:00\",\"breadcrumb\":{\"@id\":\"https:\/\/irprout.it\/?p=3742#breadcrumb\"},\"inLanguage\":\"it-IT\",\"potentialAction\":[{\"@type\":\"ReadAction\",\"target\":[\"https:\/\/irprout.it\/?p=3742\"]}]},{\"@type\":\"ImageObject\",\"inLanguage\":\"it-IT\",\"@id\":\"https:\/\/irprout.it\/?p=3742#primaryimage\",\"url\":\"http:\/\/irprout.it\/wp-content\/uploads\/2014\/10\/RBatra.jpg\",\"contentUrl\":\"http:\/\/irprout.it\/wp-content\/uploads\/2014\/10\/RBatra.jpg\"},{\"@type\":\"BreadcrumbList\",\"@id\":\"https:\/\/irprout.it\/?p=3742#breadcrumb\",\"itemListElement\":[{\"@type\":\"ListItem\",\"position\":1,\"name\":\"Home\",\"item\":\"https:\/\/irprout.it\/\"},{\"@type\":\"ListItem\",\"position\":2,\"name\":\"PROUT e l&#8217;Ambiente\"}]},{\"@type\":\"WebSite\",\"@id\":\"https:\/\/irprout.it\/#website\",\"url\":\"https:\/\/irprout.it\/\",\"name\":\"Istituto di Ricerca Prout\",\"description\":\"Istituto di Ricerca Prout\",\"publisher\":{\"@id\":\"https:\/\/irprout.it\/#organization\"},\"potentialAction\":[{\"@type\":\"SearchAction\",\"target\":{\"@type\":\"EntryPoint\",\"urlTemplate\":\"https:\/\/irprout.it\/?s={search_term_string}\"},\"query-input\":{\"@type\":\"PropertyValueSpecification\",\"valueRequired\":true,\"valueName\":\"search_term_string\"}}],\"inLanguage\":\"it-IT\"},{\"@type\":\"Organization\",\"@id\":\"https:\/\/irprout.it\/#organization\",\"name\":\"Istituto di Ricerca Prout\",\"url\":\"https:\/\/irprout.it\/\",\"logo\":{\"@type\":\"ImageObject\",\"inLanguage\":\"it-IT\",\"@id\":\"https:\/\/irprout.it\/#\/schema\/logo\/image\/\",\"url\":\"http:\/\/irprout.it\/wp-content\/uploads\/2014\/10\/logo_IRP_albero300Cor.jpg\",\"contentUrl\":\"http:\/\/irprout.it\/wp-content\/uploads\/2014\/10\/logo_IRP_albero300Cor.jpg\",\"width\":303,\"height\":304,\"caption\":\"Istituto di Ricerca Prout\"},\"image\":{\"@id\":\"https:\/\/irprout.it\/#\/schema\/logo\/image\/\"}},{\"@type\":\"Person\",\"@id\":\"https:\/\/irprout.it\/#\/schema\/person\/c29256b88f25238a0a5436e1dbe26555\",\"name\":\"Tarcisio Bonotto\",\"image\":{\"@type\":\"ImageObject\",\"inLanguage\":\"it-IT\",\"@id\":\"https:\/\/irprout.it\/#\/schema\/person\/image\/\",\"url\":\"https:\/\/secure.gravatar.com\/avatar\/8a341cc2c6188834b6220892d8c7f44835b971a191e4b4c7f0bdcf998648bf79?s=96&d=mm&r=g\",\"contentUrl\":\"https:\/\/secure.gravatar.com\/avatar\/8a341cc2c6188834b6220892d8c7f44835b971a191e4b4c7f0bdcf998648bf79?s=96&d=mm&r=g\",\"caption\":\"Tarcisio Bonotto\"},\"sameAs\":[\"http:\/\/irprout.it,www.prout.it\",\"https:\/\/it-it.facebook.com\/IRPROUT\",\"https:\/\/x.com\/#tarcisio.bonotto\"],\"url\":\"https:\/\/irprout.it\/?author=3\"}]}<\/script>\n<!-- \/ Yoast SEO plugin. -->","yoast_head_json":{"title":"PROUT e l'Ambiente - Istituto di Ricerca Prout","robots":{"index":"index","follow":"follow","max-snippet":"max-snippet:-1","max-image-preview":"max-image-preview:large","max-video-preview":"max-video-preview:-1"},"canonical":"https:\/\/irprout.it\/?p=3742","og_locale":"it_IT","og_type":"article","og_title":"PROUT e l'Ambiente - Istituto di Ricerca Prout","og_description":"&nbsp; &nbsp;prout e l\u2019ambiente&nbsp; di Ravi Batra Vediamo ora cosa abbia da aggiungere, al dibattito ambientalista ancora in corso, la teoria socio-economica Prout, un dibattito destinato a crescere in futuro. Il nostro ambiente, in tutto il mondo, \u00e8 cos\u00ec profondamente contaminato, che ogni teoria relativa al benessere sociale, dovr\u00e0 affrontare &hellip; Continua a leggere","og_url":"https:\/\/irprout.it\/?p=3742","og_site_name":"Istituto di Ricerca Prout","article_author":"https:\/\/it-it.facebook.com\/IRPROUT","article_published_time":"2016-12-10T23:32:58+00:00","article_modified_time":"2020-05-21T06:53:48+00:00","og_image":[{"url":"http:\/\/irprout.it\/wp-content\/uploads\/2014\/10\/RBatra.jpg","type":"","width":"","height":""}],"author":"Tarcisio Bonotto","twitter_misc":{"Scritto da":"Tarcisio Bonotto","Tempo di lettura stimato":"7 minuti"},"schema":{"@context":"https:\/\/schema.org","@graph":[{"@type":"Article","@id":"https:\/\/irprout.it\/?p=3742#article","isPartOf":{"@id":"https:\/\/irprout.it\/?p=3742"},"author":{"name":"Tarcisio Bonotto","@id":"https:\/\/irprout.it\/#\/schema\/person\/c29256b88f25238a0a5436e1dbe26555"},"headline":"PROUT e l&#8217;Ambiente","datePublished":"2016-12-10T23:32:58+00:00","dateModified":"2020-05-21T06:53:48+00:00","mainEntityOfPage":{"@id":"https:\/\/irprout.it\/?p=3742"},"wordCount":1493,"publisher":{"@id":"https:\/\/irprout.it\/#organization"},"image":{"@id":"https:\/\/irprout.it\/?p=3742#primaryimage"},"thumbnailUrl":"http:\/\/irprout.it\/wp-content\/uploads\/2014\/10\/RBatra.jpg","articleSection":["Ambiente","Economia","Ricerca Economica"],"inLanguage":"it-IT"},{"@type":"WebPage","@id":"https:\/\/irprout.it\/?p=3742","url":"https:\/\/irprout.it\/?p=3742","name":"PROUT e l'Ambiente - Istituto di Ricerca Prout","isPartOf":{"@id":"https:\/\/irprout.it\/#website"},"primaryImageOfPage":{"@id":"https:\/\/irprout.it\/?p=3742#primaryimage"},"image":{"@id":"https:\/\/irprout.it\/?p=3742#primaryimage"},"thumbnailUrl":"http:\/\/irprout.it\/wp-content\/uploads\/2014\/10\/RBatra.jpg","datePublished":"2016-12-10T23:32:58+00:00","dateModified":"2020-05-21T06:53:48+00:00","breadcrumb":{"@id":"https:\/\/irprout.it\/?p=3742#breadcrumb"},"inLanguage":"it-IT","potentialAction":[{"@type":"ReadAction","target":["https:\/\/irprout.it\/?p=3742"]}]},{"@type":"ImageObject","inLanguage":"it-IT","@id":"https:\/\/irprout.it\/?p=3742#primaryimage","url":"http:\/\/irprout.it\/wp-content\/uploads\/2014\/10\/RBatra.jpg","contentUrl":"http:\/\/irprout.it\/wp-content\/uploads\/2014\/10\/RBatra.jpg"},{"@type":"BreadcrumbList","@id":"https:\/\/irprout.it\/?p=3742#breadcrumb","itemListElement":[{"@type":"ListItem","position":1,"name":"Home","item":"https:\/\/irprout.it\/"},{"@type":"ListItem","position":2,"name":"PROUT e l&#8217;Ambiente"}]},{"@type":"WebSite","@id":"https:\/\/irprout.it\/#website","url":"https:\/\/irprout.it\/","name":"Istituto di Ricerca Prout","description":"Istituto di Ricerca Prout","publisher":{"@id":"https:\/\/irprout.it\/#organization"},"potentialAction":[{"@type":"SearchAction","target":{"@type":"EntryPoint","urlTemplate":"https:\/\/irprout.it\/?s={search_term_string}"},"query-input":{"@type":"PropertyValueSpecification","valueRequired":true,"valueName":"search_term_string"}}],"inLanguage":"it-IT"},{"@type":"Organization","@id":"https:\/\/irprout.it\/#organization","name":"Istituto di Ricerca Prout","url":"https:\/\/irprout.it\/","logo":{"@type":"ImageObject","inLanguage":"it-IT","@id":"https:\/\/irprout.it\/#\/schema\/logo\/image\/","url":"http:\/\/irprout.it\/wp-content\/uploads\/2014\/10\/logo_IRP_albero300Cor.jpg","contentUrl":"http:\/\/irprout.it\/wp-content\/uploads\/2014\/10\/logo_IRP_albero300Cor.jpg","width":303,"height":304,"caption":"Istituto di Ricerca Prout"},"image":{"@id":"https:\/\/irprout.it\/#\/schema\/logo\/image\/"}},{"@type":"Person","@id":"https:\/\/irprout.it\/#\/schema\/person\/c29256b88f25238a0a5436e1dbe26555","name":"Tarcisio Bonotto","image":{"@type":"ImageObject","inLanguage":"it-IT","@id":"https:\/\/irprout.it\/#\/schema\/person\/image\/","url":"https:\/\/secure.gravatar.com\/avatar\/8a341cc2c6188834b6220892d8c7f44835b971a191e4b4c7f0bdcf998648bf79?s=96&d=mm&r=g","contentUrl":"https:\/\/secure.gravatar.com\/avatar\/8a341cc2c6188834b6220892d8c7f44835b971a191e4b4c7f0bdcf998648bf79?s=96&d=mm&r=g","caption":"Tarcisio Bonotto"},"sameAs":["http:\/\/irprout.it,www.prout.it","https:\/\/it-it.facebook.com\/IRPROUT","https:\/\/x.com\/#tarcisio.bonotto"],"url":"https:\/\/irprout.it\/?author=3"}]}},"_links":{"self":[{"href":"https:\/\/irprout.it\/index.php?rest_route=\/wp\/v2\/posts\/3742","targetHints":{"allow":["GET"]}}],"collection":[{"href":"https:\/\/irprout.it\/index.php?rest_route=\/wp\/v2\/posts"}],"about":[{"href":"https:\/\/irprout.it\/index.php?rest_route=\/wp\/v2\/types\/post"}],"author":[{"embeddable":true,"href":"https:\/\/irprout.it\/index.php?rest_route=\/wp\/v2\/users\/3"}],"replies":[{"embeddable":true,"href":"https:\/\/irprout.it\/index.php?rest_route=%2Fwp%2Fv2%2Fcomments&post=3742"}],"version-history":[{"count":2,"href":"https:\/\/irprout.it\/index.php?rest_route=\/wp\/v2\/posts\/3742\/revisions"}],"predecessor-version":[{"id":5694,"href":"https:\/\/irprout.it\/index.php?rest_route=\/wp\/v2\/posts\/3742\/revisions\/5694"}],"wp:attachment":[{"href":"https:\/\/irprout.it\/index.php?rest_route=%2Fwp%2Fv2%2Fmedia&parent=3742"}],"wp:term":[{"taxonomy":"category","embeddable":true,"href":"https:\/\/irprout.it\/index.php?rest_route=%2Fwp%2Fv2%2Fcategories&post=3742"},{"taxonomy":"post_tag","embeddable":true,"href":"https:\/\/irprout.it\/index.php?rest_route=%2Fwp%2Fv2%2Ftags&post=3742"}],"curies":[{"name":"wp","href":"https:\/\/api.w.org\/{rel}","templated":true}]}}