{"id":3828,"date":"2017-03-23T16:42:43","date_gmt":"2017-03-23T15:42:43","guid":{"rendered":"http:\/\/irprout.it\/?p=3828"},"modified":"2017-03-29T16:35:24","modified_gmt":"2017-03-29T15:35:24","slug":"popolazione-crescita-e-controllo-di-p-r-sarkar","status":"publish","type":"post","link":"https:\/\/irprout.it\/?p=3828","title":{"rendered":"POPOLAZIONE: CRESCITA E CONTROLLO di P.R. Sarkar"},"content":{"rendered":"<p><span style=\"font-size: 24pt;\"><strong><span style=\"background-color: #ff6600; color: #ffffff; font-family: tahoma, arial, helvetica, sans-serif;\">\u00a0popolazione:\u00a0crescita e controllo\u00a0<\/span><\/strong><\/span><\/p>\n<p>di P.R. Sarkar<\/p>\n<hr \/>\n<p style=\"text-align: center;\"><span style=\"font-size: 14pt; font-family: tahoma, arial, helvetica, sans-serif;\">Il contesto socio-economico della societ\u00e0 di oggi \u00e8 profondamente irrequieto e turbolento. La crescita della popolazione, in questo ambiente anomalo, \u00e8 stata vista come una minaccia all&#8217;esistenza della societ\u00e0 umana, ma in realt\u00e0 questo tipo di propaganda non \u00e8 altro che una maligna cospirazione progettata da interessi di parte. Nessun problema \u00e8 maggiore della capacit\u00e0 umana di risolverlo. Come tutti i problemi che si presentano all&#8217;umanit\u00e0, il problema della crescita della popolazione deve essere affrontato e risolto in modo corretto.<\/span><\/p>\n<hr \/>\n<p>Nel corso naturale dell&#8217;evoluzione, nascita e morte mantengono un certo parallelismo con la continuit\u00e0 del flusso senza fine della creazione. Ogni giorno, con la nascita di bimbi\/e, i genitori e altri membri della famiglia sperimentano, naturalmente, grande felicit\u00e0. Ma \u00e8 materia di grande dolore il fatto che vi siano alcune persone del governo, o di altre sfere della vita pubblica, che considerano l&#8217;aumento del tasso di natalit\u00e0 come una maledizione sociale. Questo atteggiamento negativo \u00e8 sicuramente una macchia oscura per la razza umana che ha raggiunto un certo grado di sviluppo intellettuale e di conoscenza scientifica.<\/p>\n<p><span style=\"font-family: tahoma, arial, helvetica, sans-serif;\"><strong><span style=\"background-color: #ff6600; color: #ffffff; font-size: 14pt;\">\u00a0Crescita demografica\u00a0<\/span><\/strong><\/span><br \/>\n<img decoding=\"async\" class=\"alignleft size-full wp-image-3833 lazyload\" data-src=\"https:\/\/irprout.it\/wp-content\/uploads\/2017\/03\/Graf-incremento-demo3a.jpg\" alt=\"\" width=\"450\" height=\"275\" data-srcset=\"https:\/\/irprout.it\/wp-content\/uploads\/2017\/03\/Graf-incremento-demo3a.jpg 450w, https:\/\/irprout.it\/wp-content\/uploads\/2017\/03\/Graf-incremento-demo3a-300x183.jpg 300w\" data-sizes=\"(max-width: 450px) 100vw, 450px\" src=\"data:image\/svg+xml;base64,PHN2ZyB3aWR0aD0iMSIgaGVpZ2h0PSIxIiB4bWxucz0iaHR0cDovL3d3dy53My5vcmcvMjAwMC9zdmciPjwvc3ZnPg==\" style=\"--smush-placeholder-width: 450px; --smush-placeholder-aspect-ratio: 450\/275;\" \/>\u00c8 il problema della popolazione veramente un problema naturale? Il problema della popolazione dovrebbe essere considerato nel contesto di due fattori vitali &#8211; la disponibilit\u00e0 di cibo e la disponibilit\u00e0 di spazio. Oggi gli esseri umani hanno i mezzi sufficienti per gestire gli alimenti. La terra abbonda di risorse alimentari per nutrire molte volte di pi\u00f9 la popolazione attuale. A causa della mancanza di collaborazione coordinata, di uno sforzo collettivo, di un&#8217;ideologia adeguata e di una buona pianificazione, la societ\u00e0 \u00e8 stata frammentata in molti gruppi e sottogruppi belligeranti, creando cos\u00ec nazioni ricche e povere.<\/p>\n<p>Come risultato di questa tendenza fissipara, la societ\u00e0 non \u00e8 attualmente in grado di produrre cibo a sufficienza per soddisfare le esigenze umane. La tragedia \u00e8 che anche se ci sono abbastanza risorse per la fornitura di cibo nutriente a tutti gli esseri umani sul pianeta, a causa dei difettosi sistemi socio-economici, non \u00e8 stato ancora messo a punto un metodo efficiente per la distribuzione delle stesse.<br \/>\nInoltre, non vi sarebbe\u00a0carenza di spazio per vivere sul pianeta se lo spazio esistente venisse correttamente utilizzato. Poich\u00e9 la terra \u00e8 stata frazionata a causa di molte arbitrarie restrizioni sociali, economiche e politiche, e dell&#8217;influenza pervasiva di dogmi malevoli, le persone non sono in grado di affrontare i problemi in modo naturale. Se si fosse adottato il sistema della &#8220;massima utilizzazione e distribuzione razionale&#8221; di tutte le risorse naturali, l\u2019eccessiva pressione dei problemi socio-economici potrebbe essere facilmente attenuata.<\/p>\n<p>Che una madre sia fornita di latte materno sufficiente a nutrire il\/la suo\/a bambino\/a appena nato\/a, \u00e8\u00a0una legge di natura. Allo stesso modo <strong>la natura \u00e8 stata generosa nel fornire le risorse necessarie a soddisfare la domanda di cibo, e di altri requisiti essenziali, a tutti gli esseri umani.<\/strong> Vi \u00e8 la necessit\u00e0 che le persone utilizzino in modo corretto queste risorse naturali. La natura stessa non pu\u00f2 essere biasimata per la carenza di cibo o di spazio. Questi problemi sono essenzialmente il risultato di errori commessi dagli esseri umani.<br \/>\n<img decoding=\"async\" class=\"wp-image-3831 alignright lazyload\" data-src=\"https:\/\/irprout.it\/wp-content\/uploads\/2017\/03\/Graf-incremento-demo2.jpg\" alt=\"\" width=\"453\" height=\"434\" data-srcset=\"https:\/\/irprout.it\/wp-content\/uploads\/2017\/03\/Graf-incremento-demo2.jpg 552w, https:\/\/irprout.it\/wp-content\/uploads\/2017\/03\/Graf-incremento-demo2-300x288.jpg 300w, https:\/\/irprout.it\/wp-content\/uploads\/2017\/03\/Graf-incremento-demo2-313x300.jpg 313w\" data-sizes=\"(max-width: 453px) 100vw, 453px\" src=\"data:image\/svg+xml;base64,PHN2ZyB3aWR0aD0iMSIgaGVpZ2h0PSIxIiB4bWxucz0iaHR0cDovL3d3dy53My5vcmcvMjAwMC9zdmciPjwvc3ZnPg==\" style=\"--smush-placeholder-width: 453px; --smush-placeholder-aspect-ratio: 453\/434;\" \/>E &#8216;un fatto che la popolazione mondiale \u00e8 in rapido aumento, e di conseguenza molte persone siano spaventate. Nei paesi capitalisti ci sono ragioni sufficienti per tale timore. In questi paesi l&#8217;aumento della popolazione significa un corrispondente aumento della povert\u00e0 della gente. Ma <strong>non c&#8217;\u00e8 motivo per tanta paura in un<\/strong> <strong>sistema economico [di tipo] collettivo<\/strong>. In caso di carenza di alimenti e alloggio le persone collettivamente convertiranno le terre sterili in seminativi, aumenteranno la produzione agricola con metodi scientifici e produrranno cibo attraverso processi chimici che utilizzano le potenzialit\u00e0 della terra, acqua e aria. E se questa terra perde la sua produttivit\u00e0, allora gli esseri umani migreranno verso altri pianeti e satelliti e l\u00ec si stabiliranno.<br \/>\n<strong>Se le persone che vivono nei paesi capitalisti adotteranno volontariamente il metodi del controllo delle nascite per evitare le difficolt\u00e0 economiche, forse non dovremmo criticarli. Ma va qui ricordato che l&#8217;utilizzo di metodi di controllo delle nascite che deformano i corpi di uomini e donne o distruggono le loro capacit\u00e0 riproduttive per sempre non pu\u00f2 essere sostenuto<\/strong>, perch\u00e9 in qualsiasi momento ci\u00f2 pu\u00f2 causare una reazione mentale violenta.<\/p>\n<p><strong><span style=\"background-color: #ff6600; color: #ffffff; font-size: 14pt; font-family: tahoma, arial, helvetica, sans-serif;\">\u00a0la soluzione del PROUT\u00a0<\/span><\/strong><\/p>\n<p>Nelle attuali condizioni socio-economiche, la teoria economica PROUT sostiene una politica integrata e precisa per affrontare il problema della popolazione. Secondo il PROUT, la crescita della popolazione raggiunger\u00e0 automaticamente un suo livello naturale, in presenza dei seguenti quattro fattori all&#8217;interno della societ\u00e0:<\/p>\n<ul>\n<li><em><span style=\"color: #000000;\">In primo luogo libert\u00e0 economica in modo che le persone possano avere una dieta nutriente. In Scandinavia, ad esempio, la capacit\u00e0 di acquisto della popolazione \u00e8 alta e le persone godono di <strong>un buon tenore di vita; grazie a questo non sono afflitti dal problema della sovrappopolazione.<\/strong><\/span><\/em><\/li>\n<li><em><span style=\"color: #000000;\">In secondo luogo, tutti dovrebbero avere il diritto di godere di buona salute. Se le persone hanno un corpo e la mente sani il loro sistema ghiandolare resta equilibrato, e possono facilmente trasformare la propria energia fisica in energia psichica e la loro energia psichica in energia spirituale. <strong>Grazie a questo sforzo, di canalizzare la mente in una direzione spirituale, le propensioni mentali pi\u00f9 vili sono facilmente controllabili.<\/strong><\/span><\/em><\/li>\n<li><em><span style=\"color: #000000;\"><strong>In terzo luogo, la gente dovrebbe essere libera da preoccupazioni mentali inutili e ansie.<\/strong> Quando si soffre in continuazione di angustie mentali, la mente si abbandona naturalmente ai pi\u00f9 vili godimenti fisici per sbarazzarsi di quella condizione indesiderata. Quando le agonie mentali spariscono, gli esseri umani potranno godere di pace mentale ed essere in grado di assimilare le idee pi\u00f9 sottili.<\/span><\/em><\/li>\n<li><em><span style=\"color: #000000;\"><strong>In quarto luogo, dovr\u00e0 essere elevato il livello intellettuale dell&#8217;umanit\u00e0.<\/strong> Con il progresso intellettuale gli esseri umani svilupperanno a 360 gradi le proprie\u00a0potenzialit\u00e0 psichiche e potranno facilmente evolvere il loro potenziale psico-spirituale. Attraverso un continuo impegno, gli esseri umani saranno in grado di raggiungere la posizione suprema, fondendo la loro singola esistenza unitaria nell\u2019esistenza Cosmica.<\/span><\/em><\/li>\n<\/ul>\n<p><img decoding=\"async\" class=\"size-full wp-image-3837 aligncenter lazyload\" data-src=\"https:\/\/irprout.it\/wp-content\/uploads\/2017\/03\/Graf-incremento-demoXX.jpg\" alt=\"\" width=\"610\" height=\"374\" data-srcset=\"https:\/\/irprout.it\/wp-content\/uploads\/2017\/03\/Graf-incremento-demoXX.jpg 610w, https:\/\/irprout.it\/wp-content\/uploads\/2017\/03\/Graf-incremento-demoXX-300x184.jpg 300w, https:\/\/irprout.it\/wp-content\/uploads\/2017\/03\/Graf-incremento-demoXX-600x368.jpg 600w, https:\/\/irprout.it\/wp-content\/uploads\/2017\/03\/Graf-incremento-demoXX-489x300.jpg 489w\" data-sizes=\"(max-width: 610px) 100vw, 610px\" src=\"data:image\/svg+xml;base64,PHN2ZyB3aWR0aD0iMSIgaGVpZ2h0PSIxIiB4bWxucz0iaHR0cDovL3d3dy53My5vcmcvMjAwMC9zdmciPjwvc3ZnPg==\" style=\"--smush-placeholder-width: 610px; --smush-placeholder-aspect-ratio: 610\/374;\" \/><\/p>\n<p><strong>Quindi, il problema della popolazione non \u00e8 solo un problema economico &#8211; ma include anche gli aspetti economici, biologici, psicologici e intellettuali.<\/strong><br \/>\nOggi le persone danno pi\u00f9 importanza alla politica rispetto agli aspetti bio-psicologici ed economici scatenanti la crescita della popolazione.<br \/>\n<strong>La teoria che la popolazione aumenti ad un ritmo geometrico mentre la produzione di cibo aumenta ad un tasso aritmetico \u00e8 profondamente difettosa.<\/strong> Una tale situazione pu\u00f2 verificarsi solo in un sistema economico squilibrato. <strong>Tale problema non esister\u00e0 in un sistema economico progressista e bilanciato.<\/strong><\/p>\n<p><strong><span style=\"background-color: #ff6600; color: #ffffff; font-size: 14pt; font-family: tahoma, arial, helvetica, sans-serif;\">\u00a0economia collettiva\u00a0<\/span><\/strong><\/p>\n<p>E&#8217; profondamente sbagliato propagandare l&#8217;idea che una popolazione in rapido aumento influenzer\u00e0 negativamente la struttura economica collettiva. <strong>Oggi i capitalisti stanno cercando di controllare la crescita della popolazione attraverso il controllo delle nascite, perch\u00e9 un aumento della popolazione \u00e8 dannoso per il capitalismo.<\/strong><\/p>\n<p><span style=\"background-color: #ffcc00;\"><strong>In una struttura economica collettiva non ci sar\u00e0 necessit\u00e0 di sostenere il controllo delle nascite. Piuttosto, un aumento della popolazione aiuter\u00e0 nella produzione dei beni essenziali.<\/strong><\/span><\/p>\n<p>Buone variet\u00e0 di sementi, terra fertile, nutrimento adeguato, luce, aria e acqua sono tutti essenziali per una buona riproduzione sia nel regno vegetale sia animale. In questo senso gli esseri umani non sono diversi dalle altre creature&#8230;<\/p>\n<p>La scienza ha raggiunto un tale livello che pu\u00f2 inaugurare una nuova era. Pu\u00f2 produrre cibo sintetico in forma di compresse per aiutare a risolvere i problemi alimentari del mondo. Una singola compressa cibo pu\u00f2 essere sufficiente a fornire sostentamento per un giorno intero, quindi non dobbiamo temere l\u2019 aumento della popolazione. Le generazioni future potranno spendere pi\u00f9 tempo ed energie per attivit\u00e0 psichiche e spirituali sottili, quindi la loro domanda di cibo fisico diminuir\u00e0.<\/p>\n<p>Attraverso la ricerca oceanografica sono state scoperte abbondanti risorse alimentari nel mare e sul fondo del mare. Con l&#8217;applicazione della scienza e della tecnologia possiamo sfruttare queste risorse per affrontare la sfida del problema alimentare. La crisi che la societ\u00e0 di oggi sta affrontando indica che l&#8217;umanit\u00e0 non incoraggia la massima utilizzazione e la distribuzione razionale delle potenzialit\u00e0 del pianeta. La scienza oggi viene utilizzato per sviluppare armi da guerra sempre pi\u00f9 distruttive, piuttosto che per scopi benevoli e costruttivi.<br \/>\nLa societ\u00e0 dovr\u00e0 adottare un sistema economico collettivo per:<\/p>\n<ul>\n<li><span style=\"background-color: #ffcc00;\"><em><span style=\"color: #800000;\">massimizzare la produzione e la sicurezza economica al fine di controllare l&#8217;accumulo<\/span><\/em><\/span><\/li>\n<li><span style=\"background-color: #ffcc00;\"><em><span style=\"color: #800000;\">garantire la razionale distribuzione della ricchezza collettiva attraverso un sistema cooperativo affiatato <\/span><\/em><\/span><\/li>\n<li><span style=\"background-color: #ffcc00;\"><em><span style=\"color: #800000;\">attuare una pianificazione socio-economico decentrata<\/span><\/em><\/span><\/li>\n<li><span style=\"background-color: #ffcc00;\"><em><span style=\"color: #800000;\">e assicurare il massimo utilizzo di tutti i tipi di potenzialit\u00e0: mondane, sopramondane e spirituali.<\/span><\/em><\/span><\/li>\n<\/ul>\n<p>Quindi la societ\u00e0 fino ad ora non ha adottato un approccio di questo tipo e per questa ragione non \u00e8 stata in grado di risolvere il problema alimentare.<\/p>\n<p>Invece, sono state promosse forzatamente alcune pratiche disumane di controllo delle nascite. Non solo, tali pratiche sono pregiudizievoli per mantenere un corpo umano e una mente sani, provocano deformit\u00e0 fisica, disturbi, incomprensioni nella vita familiare, disordine mentale e debolezza.<br \/>\nColoro ai quali sono stati causati tali disturbi psichici perdono il coraggio di affrontare le avversit\u00e0 della vita e la capacit\u00e0 di combattere per la giustizia sociale.<\/p>\n<p><span style=\"background-color: #ffcc00;\"><strong>Imporre la paura della crescita della popolazione non \u00e8 altro che una furba cospirazione realizzata da interessi particolari per sviare le persone e sfruttare la societ\u00e0. Le persone ottimiste di tutto il mondo dovranno unirsi e alzare la voce contro questa atroce cospirazione, e lavorare insieme per costruire una societ\u00e0 giusta e benevola.<\/strong><\/span><\/p>\n","protected":false},"excerpt":{"rendered":"<p>\u00a0popolazione:\u00a0crescita e controllo\u00a0 di P.R. Sarkar Il contesto socio-economico della societ\u00e0 di oggi \u00e8 profondamente irrequieto e turbolento. La crescita della popolazione, in questo ambiente anomalo, \u00e8 stata vista come una minaccia all&#8217;esistenza della societ\u00e0 umana, ma in realt\u00e0 questo tipo di propaganda non \u00e8 altro che una maligna cospirazione <span class=\"excerpt-dots\">&hellip;<\/span> <a class=\"more-link\" href=\"https:\/\/irprout.it\/?p=3828\"><span class=\"more-msg\">Continua a leggere<\/span><\/a><\/p>\n","protected":false},"author":3,"featured_media":0,"comment_status":"closed","ping_status":"closed","sticky":false,"template":"","format":"standard","meta":{"ngg_post_thumbnail":0,"footnotes":""},"categories":[24,29,39,25,8],"tags":[],"class_list":["post-3828","post","type-post","status-publish","format-standard","hentry","category-alimentazione","category-articoli_sarkar","category-ricerca_sociale","category-salute","category-societa"],"yoast_head":"<!-- This site is optimized with the Yoast SEO plugin v26.6 - https:\/\/yoast.com\/wordpress\/plugins\/seo\/ -->\n<title>POPOLAZIONE: CRESCITA E CONTROLLO di P.R. Sarkar - Istituto di Ricerca Prout<\/title>\n<meta name=\"robots\" content=\"index, follow, max-snippet:-1, max-image-preview:large, max-video-preview:-1\" \/>\n<link rel=\"canonical\" href=\"https:\/\/irprout.it\/?p=3828\" \/>\n<meta property=\"og:locale\" content=\"it_IT\" \/>\n<meta property=\"og:type\" content=\"article\" \/>\n<meta property=\"og:title\" content=\"POPOLAZIONE: CRESCITA E CONTROLLO di P.R. Sarkar - Istituto di Ricerca Prout\" \/>\n<meta property=\"og:description\" content=\"\u00a0popolazione:\u00a0crescita e controllo\u00a0 di P.R. Sarkar Il contesto socio-economico della societ\u00e0 di oggi \u00e8 profondamente irrequieto e turbolento. La crescita della popolazione, in questo ambiente anomalo, \u00e8 stata vista come una minaccia all&#8217;esistenza della societ\u00e0 umana, ma in realt\u00e0 questo tipo di propaganda non \u00e8 altro che una maligna cospirazione &hellip; Continua a leggere\" \/>\n<meta property=\"og:url\" content=\"https:\/\/irprout.it\/?p=3828\" \/>\n<meta property=\"og:site_name\" content=\"Istituto di Ricerca Prout\" \/>\n<meta property=\"article:author\" content=\"https:\/\/it-it.facebook.com\/IRPROUT\" \/>\n<meta property=\"article:published_time\" content=\"2017-03-23T15:42:43+00:00\" \/>\n<meta property=\"article:modified_time\" content=\"2017-03-29T15:35:24+00:00\" \/>\n<meta property=\"og:image\" content=\"http:\/\/irprout.it\/wp-content\/uploads\/2017\/03\/Graf-incremento-demo3a.jpg\" \/>\n<meta name=\"author\" content=\"Tarcisio Bonotto\" \/>\n<meta name=\"twitter:label1\" content=\"Scritto da\" \/>\n\t<meta name=\"twitter:data1\" content=\"Tarcisio Bonotto\" \/>\n\t<meta name=\"twitter:label2\" content=\"Tempo di lettura stimato\" \/>\n\t<meta name=\"twitter:data2\" content=\"8 minuti\" \/>\n<script type=\"application\/ld+json\" class=\"yoast-schema-graph\">{\"@context\":\"https:\/\/schema.org\",\"@graph\":[{\"@type\":\"Article\",\"@id\":\"https:\/\/irprout.it\/?p=3828#article\",\"isPartOf\":{\"@id\":\"https:\/\/irprout.it\/?p=3828\"},\"author\":{\"name\":\"Tarcisio Bonotto\",\"@id\":\"https:\/\/irprout.it\/#\/schema\/person\/c29256b88f25238a0a5436e1dbe26555\"},\"headline\":\"POPOLAZIONE: CRESCITA E CONTROLLO di P.R. Sarkar\",\"datePublished\":\"2017-03-23T15:42:43+00:00\",\"dateModified\":\"2017-03-29T15:35:24+00:00\",\"mainEntityOfPage\":{\"@id\":\"https:\/\/irprout.it\/?p=3828\"},\"wordCount\":1536,\"publisher\":{\"@id\":\"https:\/\/irprout.it\/#organization\"},\"image\":{\"@id\":\"https:\/\/irprout.it\/?p=3828#primaryimage\"},\"thumbnailUrl\":\"http:\/\/irprout.it\/wp-content\/uploads\/2017\/03\/Graf-incremento-demo3a.jpg\",\"articleSection\":[\"Alimentazione\",\"Articoli di P.R. Sarkar\",\"Ricerca sociale\",\"Salute\",\"Societ\u00e0\"],\"inLanguage\":\"it-IT\"},{\"@type\":\"WebPage\",\"@id\":\"https:\/\/irprout.it\/?p=3828\",\"url\":\"https:\/\/irprout.it\/?p=3828\",\"name\":\"POPOLAZIONE: CRESCITA E CONTROLLO di P.R. Sarkar - Istituto di Ricerca Prout\",\"isPartOf\":{\"@id\":\"https:\/\/irprout.it\/#website\"},\"primaryImageOfPage\":{\"@id\":\"https:\/\/irprout.it\/?p=3828#primaryimage\"},\"image\":{\"@id\":\"https:\/\/irprout.it\/?p=3828#primaryimage\"},\"thumbnailUrl\":\"http:\/\/irprout.it\/wp-content\/uploads\/2017\/03\/Graf-incremento-demo3a.jpg\",\"datePublished\":\"2017-03-23T15:42:43+00:00\",\"dateModified\":\"2017-03-29T15:35:24+00:00\",\"breadcrumb\":{\"@id\":\"https:\/\/irprout.it\/?p=3828#breadcrumb\"},\"inLanguage\":\"it-IT\",\"potentialAction\":[{\"@type\":\"ReadAction\",\"target\":[\"https:\/\/irprout.it\/?p=3828\"]}]},{\"@type\":\"ImageObject\",\"inLanguage\":\"it-IT\",\"@id\":\"https:\/\/irprout.it\/?p=3828#primaryimage\",\"url\":\"https:\/\/irprout.it\/wp-content\/uploads\/2017\/03\/Graf-incremento-demo3a.jpg\",\"contentUrl\":\"https:\/\/irprout.it\/wp-content\/uploads\/2017\/03\/Graf-incremento-demo3a.jpg\",\"width\":450,\"height\":275},{\"@type\":\"BreadcrumbList\",\"@id\":\"https:\/\/irprout.it\/?p=3828#breadcrumb\",\"itemListElement\":[{\"@type\":\"ListItem\",\"position\":1,\"name\":\"Home\",\"item\":\"https:\/\/irprout.it\/\"},{\"@type\":\"ListItem\",\"position\":2,\"name\":\"POPOLAZIONE: CRESCITA E CONTROLLO di P.R. Sarkar\"}]},{\"@type\":\"WebSite\",\"@id\":\"https:\/\/irprout.it\/#website\",\"url\":\"https:\/\/irprout.it\/\",\"name\":\"Istituto di Ricerca Prout\",\"description\":\"Istituto di Ricerca Prout\",\"publisher\":{\"@id\":\"https:\/\/irprout.it\/#organization\"},\"potentialAction\":[{\"@type\":\"SearchAction\",\"target\":{\"@type\":\"EntryPoint\",\"urlTemplate\":\"https:\/\/irprout.it\/?s={search_term_string}\"},\"query-input\":{\"@type\":\"PropertyValueSpecification\",\"valueRequired\":true,\"valueName\":\"search_term_string\"}}],\"inLanguage\":\"it-IT\"},{\"@type\":\"Organization\",\"@id\":\"https:\/\/irprout.it\/#organization\",\"name\":\"Istituto di Ricerca Prout\",\"url\":\"https:\/\/irprout.it\/\",\"logo\":{\"@type\":\"ImageObject\",\"inLanguage\":\"it-IT\",\"@id\":\"https:\/\/irprout.it\/#\/schema\/logo\/image\/\",\"url\":\"http:\/\/irprout.it\/wp-content\/uploads\/2014\/10\/logo_IRP_albero300Cor.jpg\",\"contentUrl\":\"http:\/\/irprout.it\/wp-content\/uploads\/2014\/10\/logo_IRP_albero300Cor.jpg\",\"width\":303,\"height\":304,\"caption\":\"Istituto di Ricerca Prout\"},\"image\":{\"@id\":\"https:\/\/irprout.it\/#\/schema\/logo\/image\/\"}},{\"@type\":\"Person\",\"@id\":\"https:\/\/irprout.it\/#\/schema\/person\/c29256b88f25238a0a5436e1dbe26555\",\"name\":\"Tarcisio Bonotto\",\"image\":{\"@type\":\"ImageObject\",\"inLanguage\":\"it-IT\",\"@id\":\"https:\/\/irprout.it\/#\/schema\/person\/image\/\",\"url\":\"https:\/\/secure.gravatar.com\/avatar\/8a341cc2c6188834b6220892d8c7f44835b971a191e4b4c7f0bdcf998648bf79?s=96&d=mm&r=g\",\"contentUrl\":\"https:\/\/secure.gravatar.com\/avatar\/8a341cc2c6188834b6220892d8c7f44835b971a191e4b4c7f0bdcf998648bf79?s=96&d=mm&r=g\",\"caption\":\"Tarcisio Bonotto\"},\"sameAs\":[\"http:\/\/irprout.it,www.prout.it\",\"https:\/\/it-it.facebook.com\/IRPROUT\",\"https:\/\/x.com\/#tarcisio.bonotto\"],\"url\":\"https:\/\/irprout.it\/?author=3\"}]}<\/script>\n<!-- \/ Yoast SEO plugin. -->","yoast_head_json":{"title":"POPOLAZIONE: CRESCITA E CONTROLLO di P.R. Sarkar - Istituto di Ricerca Prout","robots":{"index":"index","follow":"follow","max-snippet":"max-snippet:-1","max-image-preview":"max-image-preview:large","max-video-preview":"max-video-preview:-1"},"canonical":"https:\/\/irprout.it\/?p=3828","og_locale":"it_IT","og_type":"article","og_title":"POPOLAZIONE: CRESCITA E CONTROLLO di P.R. Sarkar - Istituto di Ricerca Prout","og_description":"\u00a0popolazione:\u00a0crescita e controllo\u00a0 di P.R. Sarkar Il contesto socio-economico della societ\u00e0 di oggi \u00e8 profondamente irrequieto e turbolento. La crescita della popolazione, in questo ambiente anomalo, \u00e8 stata vista come una minaccia all&#8217;esistenza della societ\u00e0 umana, ma in realt\u00e0 questo tipo di propaganda non \u00e8 altro che una maligna cospirazione &hellip; Continua a leggere","og_url":"https:\/\/irprout.it\/?p=3828","og_site_name":"Istituto di Ricerca Prout","article_author":"https:\/\/it-it.facebook.com\/IRPROUT","article_published_time":"2017-03-23T15:42:43+00:00","article_modified_time":"2017-03-29T15:35:24+00:00","og_image":[{"url":"http:\/\/irprout.it\/wp-content\/uploads\/2017\/03\/Graf-incremento-demo3a.jpg","type":"","width":"","height":""}],"author":"Tarcisio Bonotto","twitter_misc":{"Scritto da":"Tarcisio Bonotto","Tempo di lettura stimato":"8 minuti"},"schema":{"@context":"https:\/\/schema.org","@graph":[{"@type":"Article","@id":"https:\/\/irprout.it\/?p=3828#article","isPartOf":{"@id":"https:\/\/irprout.it\/?p=3828"},"author":{"name":"Tarcisio Bonotto","@id":"https:\/\/irprout.it\/#\/schema\/person\/c29256b88f25238a0a5436e1dbe26555"},"headline":"POPOLAZIONE: CRESCITA E CONTROLLO di P.R. Sarkar","datePublished":"2017-03-23T15:42:43+00:00","dateModified":"2017-03-29T15:35:24+00:00","mainEntityOfPage":{"@id":"https:\/\/irprout.it\/?p=3828"},"wordCount":1536,"publisher":{"@id":"https:\/\/irprout.it\/#organization"},"image":{"@id":"https:\/\/irprout.it\/?p=3828#primaryimage"},"thumbnailUrl":"http:\/\/irprout.it\/wp-content\/uploads\/2017\/03\/Graf-incremento-demo3a.jpg","articleSection":["Alimentazione","Articoli di P.R. Sarkar","Ricerca sociale","Salute","Societ\u00e0"],"inLanguage":"it-IT"},{"@type":"WebPage","@id":"https:\/\/irprout.it\/?p=3828","url":"https:\/\/irprout.it\/?p=3828","name":"POPOLAZIONE: CRESCITA E CONTROLLO di P.R. Sarkar - Istituto di Ricerca Prout","isPartOf":{"@id":"https:\/\/irprout.it\/#website"},"primaryImageOfPage":{"@id":"https:\/\/irprout.it\/?p=3828#primaryimage"},"image":{"@id":"https:\/\/irprout.it\/?p=3828#primaryimage"},"thumbnailUrl":"http:\/\/irprout.it\/wp-content\/uploads\/2017\/03\/Graf-incremento-demo3a.jpg","datePublished":"2017-03-23T15:42:43+00:00","dateModified":"2017-03-29T15:35:24+00:00","breadcrumb":{"@id":"https:\/\/irprout.it\/?p=3828#breadcrumb"},"inLanguage":"it-IT","potentialAction":[{"@type":"ReadAction","target":["https:\/\/irprout.it\/?p=3828"]}]},{"@type":"ImageObject","inLanguage":"it-IT","@id":"https:\/\/irprout.it\/?p=3828#primaryimage","url":"https:\/\/irprout.it\/wp-content\/uploads\/2017\/03\/Graf-incremento-demo3a.jpg","contentUrl":"https:\/\/irprout.it\/wp-content\/uploads\/2017\/03\/Graf-incremento-demo3a.jpg","width":450,"height":275},{"@type":"BreadcrumbList","@id":"https:\/\/irprout.it\/?p=3828#breadcrumb","itemListElement":[{"@type":"ListItem","position":1,"name":"Home","item":"https:\/\/irprout.it\/"},{"@type":"ListItem","position":2,"name":"POPOLAZIONE: CRESCITA E CONTROLLO di P.R. Sarkar"}]},{"@type":"WebSite","@id":"https:\/\/irprout.it\/#website","url":"https:\/\/irprout.it\/","name":"Istituto di Ricerca Prout","description":"Istituto di Ricerca Prout","publisher":{"@id":"https:\/\/irprout.it\/#organization"},"potentialAction":[{"@type":"SearchAction","target":{"@type":"EntryPoint","urlTemplate":"https:\/\/irprout.it\/?s={search_term_string}"},"query-input":{"@type":"PropertyValueSpecification","valueRequired":true,"valueName":"search_term_string"}}],"inLanguage":"it-IT"},{"@type":"Organization","@id":"https:\/\/irprout.it\/#organization","name":"Istituto di Ricerca Prout","url":"https:\/\/irprout.it\/","logo":{"@type":"ImageObject","inLanguage":"it-IT","@id":"https:\/\/irprout.it\/#\/schema\/logo\/image\/","url":"http:\/\/irprout.it\/wp-content\/uploads\/2014\/10\/logo_IRP_albero300Cor.jpg","contentUrl":"http:\/\/irprout.it\/wp-content\/uploads\/2014\/10\/logo_IRP_albero300Cor.jpg","width":303,"height":304,"caption":"Istituto di Ricerca Prout"},"image":{"@id":"https:\/\/irprout.it\/#\/schema\/logo\/image\/"}},{"@type":"Person","@id":"https:\/\/irprout.it\/#\/schema\/person\/c29256b88f25238a0a5436e1dbe26555","name":"Tarcisio Bonotto","image":{"@type":"ImageObject","inLanguage":"it-IT","@id":"https:\/\/irprout.it\/#\/schema\/person\/image\/","url":"https:\/\/secure.gravatar.com\/avatar\/8a341cc2c6188834b6220892d8c7f44835b971a191e4b4c7f0bdcf998648bf79?s=96&d=mm&r=g","contentUrl":"https:\/\/secure.gravatar.com\/avatar\/8a341cc2c6188834b6220892d8c7f44835b971a191e4b4c7f0bdcf998648bf79?s=96&d=mm&r=g","caption":"Tarcisio Bonotto"},"sameAs":["http:\/\/irprout.it,www.prout.it","https:\/\/it-it.facebook.com\/IRPROUT","https:\/\/x.com\/#tarcisio.bonotto"],"url":"https:\/\/irprout.it\/?author=3"}]}},"_links":{"self":[{"href":"https:\/\/irprout.it\/index.php?rest_route=\/wp\/v2\/posts\/3828","targetHints":{"allow":["GET"]}}],"collection":[{"href":"https:\/\/irprout.it\/index.php?rest_route=\/wp\/v2\/posts"}],"about":[{"href":"https:\/\/irprout.it\/index.php?rest_route=\/wp\/v2\/types\/post"}],"author":[{"embeddable":true,"href":"https:\/\/irprout.it\/index.php?rest_route=\/wp\/v2\/users\/3"}],"replies":[{"embeddable":true,"href":"https:\/\/irprout.it\/index.php?rest_route=%2Fwp%2Fv2%2Fcomments&post=3828"}],"version-history":[{"count":10,"href":"https:\/\/irprout.it\/index.php?rest_route=\/wp\/v2\/posts\/3828\/revisions"}],"predecessor-version":[{"id":3850,"href":"https:\/\/irprout.it\/index.php?rest_route=\/wp\/v2\/posts\/3828\/revisions\/3850"}],"wp:attachment":[{"href":"https:\/\/irprout.it\/index.php?rest_route=%2Fwp%2Fv2%2Fmedia&parent=3828"}],"wp:term":[{"taxonomy":"category","embeddable":true,"href":"https:\/\/irprout.it\/index.php?rest_route=%2Fwp%2Fv2%2Fcategories&post=3828"},{"taxonomy":"post_tag","embeddable":true,"href":"https:\/\/irprout.it\/index.php?rest_route=%2Fwp%2Fv2%2Ftags&post=3828"}],"curies":[{"name":"wp","href":"https:\/\/api.w.org\/{rel}","templated":true}]}}