{"id":5297,"date":"2020-03-15T16:38:56","date_gmt":"2020-03-15T15:38:56","guid":{"rendered":"http:\/\/irprout.it\/?p=5297"},"modified":"2020-03-17T11:31:13","modified_gmt":"2020-03-17T10:31:13","slug":"5297","status":"publish","type":"post","link":"https:\/\/irprout.it\/?p=5297","title":{"rendered":"L\u2019Italia riparte dallo sviluppo Agricolo-Industriale"},"content":{"rendered":"<div class=\"wpb-content-wrapper\"><p>[vc_row][vc_column][vc_custom_heading text=&#8221;L\u2019Italia riparte dallo sviluppo Agricolo-Industriale autosufficiente&#8221; font_container=&#8221;tag:h1|text_align:left|color:%233d3d3d&#8221; google_fonts=&#8221;font_family:Anton%3Aregular|font_style:400%20regular%3A400%3Anormal&#8221; css=&#8221;.vc_custom_1584441058022{background-color: #efde8b !important;}&#8221;][\/vc_column][\/vc_row][vc_row][vc_column][vc_column_text]Tarcisio Bonotto \u2013 Istituto di Ricerca PROUT<br \/>\n14\/03\/2020<\/p>\n<p><span style=\"color: #333333; font-size: 14pt;\">Recentemente, a seguito della crisi economica in atto, generata dall&#8217;emergenza coronavirus, il <em>Ministero alle Infrastrutture e dei Trasporti<\/em> ha proposto la ripartenza dei lavori pubblici, per circa 120 miliardi di euro, per creare posti di lavoro e mettere in moto l&#8217;economia.<\/span><\/p>\n<p><strong>Non crediamo che una tale iniziativa possa essere la politica economica adeguata per la ripresa dell&#8217;economia<\/strong>, se guardiamo infatti lo storico dello sviluppo italiano, dagli anni 60, troveremo che si \u00e8 partiti da una buona agricoltura, da produzione di macchine pre-raccolto e attrezzature post-raccolto, per la trasformazione agro-alimentare, poi l&#8217;industria, la chimica, la metalmeccanica etc. Le infrastrutture sono arrivate come necessit\u00e0 di sviluppo di una economia ormai in movimento ed espansione.<\/p>\n<p><strong>Oggi si vorrebbe metterle a traino dello sviluppo. \u201cNo possible\u201d come si dice, quando sono finiti i lavori infrastrutturali non rimarr\u00e0 altro, non produrranno nulla e non manterranno i posti di lavoro creati per la costruzione delle infrastrutture.<\/strong><\/p>\n<p>Secondo la teoria economica <strong>PROUT<\/strong> <em>[Teoria della Utilizzazione PROgressiva<\/em> (delle risorse)], <strong>il settore pi\u00f9 importante dell&#8217;economia \u00e8 l&#8217;agricoltura<\/strong>, e in agricoltura il fattore pi\u00f9 importante \u00e8 l&#8217;acqua. E&#8217; da questo settore che pu\u00f2 iniziare, su basi solide, lo sviluppo di un paese (l\u2019industria non agricola verr\u00e0 di conseguenza). La nostra agricoltura occupa circa il 3,5% della popolazione e dal 2001 circa 290.000 aziende agricole di piccole dimensione e private, hanno chiuso per concorrenza dei prodotti esteri e per squilibrio strutturale, impossibilit\u00e0 di meccanizzazione a causa delle piccole dimensioni che una volta hanno fatto grande la stessa produzione agricola italiana). Il settore lattiero \u00e8 stato devastato.<\/p>\n<p>Stanno nascendo grandi aziende monopolistiche private che utilizzano le terre rimaste incolte. Se da un punto di vista dell&#8217;efficienza si dice sia un bene, dal punto di vista della stabilit\u00e0 nel lungo periodo ci\u00f2 \u00e8 un rischio.<\/p>\n<p><span style=\"font-size: 14pt;\"><strong>Basta importazioni di ci\u00f2 che si pu\u00f2 produrre in loco.<\/strong><\/span><\/p>\n<p><strong>Proponiamo la COOPERAZIONE COORDINATA in agricoltura.<\/strong> Le aziende in crisi e non dovrebbero raggrupparsi e formare delle cooperative con una estensione dei terreni produttivi sufficiente ed <em>&#8216;economicamente sostenibile&#8217;<\/em>. Dovremmo sviluppare localmente o a livello regionale la produzione dei macchinari utili alla produzione agricola, in modo da utilizzare la massima meccanizzazione nei processi agricoli. I giovani sarebbero molto pi\u00f9 ispirati a lavorarvi. Il singolo imprenditore con piccoli appezzamenti spesso non ce la fa, ma una cooperativa \u00e8 in grado di meccanizzarsi&nbsp;al massimo grado.<\/p>\n<p><span style=\"font-size: 14pt;\"><strong>Aziende di trasformazione parte integrante della cooperativa<\/strong><\/span><\/p>\n<p>Uno dei problemi grossi in agricoltura \u00e8 il prezzo dei prodotti agricoli sempre molto tirati dalla grande distribuzione. Ebbene le aziende di trasformazione dovrebbero essere parte integrante della cooperativa agricola, ed essere realizzate dove vi \u00e8 presenza delle materie prime. In una zona dove si producono 20.000 quintali di soia, l\u00ec dovrebbe nascere una cooperativa di trasformazione. In questo modo i produttori possono avere un giusto prezzo per le materie prime prodotte.<\/p>\n<p>La terra della Bassa Veronese, come tante altre terre, ha una benedizione, qualsiasi cosa si pianti cresce rigogliosa, ebbene tutte le materie prime prodotte vengono vendute ad aziende italiane ed estere, e tutti gli agricoltori si lamentano per i bassi prezzi. Devono essere realizzate aziende di trasformazione in loco.<\/p>\n<p>Oltre alle cooperative agricole e di trasformazione, dovrebbero essere create le cooperative di distribuzione dei prodotti. Rispettosi del concetto che i beni primari per la sussistenza debbano essere gestiti attraverso cooperative e non dai privati.<\/p>\n<p>Il sistema cooperativo oggi \u00e8 regolato dalla <em>legge Basevi del 1947-48<\/em>, che pone dei limiti sia per lo sviluppo delle cooperative, sia alla loro vera natura di lavoro coordinato e di responsabilit\u00e0 collettiva.<\/p>\n<p>I tempi sono cambiati e questo&nbsp;statuto dovrebbe essere modificato permettendo una gestione democratica della coop, una divisione degli utili ai soci lavoratori e benefici per i soci fruitori delle cooperative di distribuzione. L&#8217;obiettivo principale delle coop dovrebbe essere di creare&nbsp;massima occupazione.<\/p>\n<p>Quindi agevolazioni per le aziende cooperative agricole, sostegno con finanziamenti agevolati per gli acquisti di macchinari, e per la creazione di aziende cooperative di trasformazione.<\/p>\n<p>In particolare, se l&#8217;Italia tendesse alla AUTOSUFFICIENZA ECONOMICA, in caso di crisi economica internazionale, non ci sarebbero ripercussioni negative sulla sua economia. Afferma P.R. Sarkar: &#8220;<em>I paesi che pi\u00f9 dipendono dall&#8217;estero per i propri approvvigionamenti, sono quelli che soffriranno di pi\u00f9 in caso di calamit\u00e0 naturali o crisi indotte dall&#8217;uomo<\/em>&#8220;.<\/p>\n<p>La globalizzazione economica ha fallito, l\u2019Italia si \u00e8 impoverita e non \u00e8 pi\u00f9 produttiva come un tempo e in grado di soddisfare la domanda interna. La nostra proposta strutturata \u00e8 di iniziare dallo sviluppo agricolo, dall&#8217;industria pre-raccolto e di trasformazione, in autonomia, per quanto possibile. Vietato importare&nbsp;ci\u00f2 che possiamo produrre in loco.&nbsp; Se ogni paese si comportasse cos\u00ec, andremmo verso un equilibrio economico generalizzato.<\/p>\n<p>&#8212;&#8212;&#8212;&#8212;&#8212;&#8211;<\/p>\n<p><a href=\"http:\/\/www.irprout.it\">www.irprout.it<\/a><\/p>\n<p><a href=\"mailto:ricercaprout@gmail.com\">ricercaprout@gmail.com<\/a><\/p>\n<p>&nbsp;[\/vc_column_text][\/vc_column][\/vc_row]<\/p>\n<\/div>","protected":false},"excerpt":{"rendered":"<p>[vc_row][vc_column][vc_custom_heading text=&#8221;L\u2019Italia riparte dallo sviluppo Agricolo-Industriale autosufficiente&#8221; font_container=&#8221;tag:h1|text_align:left|color:%233d3d3d&#8221; google_fonts=&#8221;font_family:Anton%3Aregular|font_style:400%20regular%3A400%3Anormal&#8221; css=&#8221;.vc_custom_1584441058022{background-color: #efde8b !important;}&#8221;][\/vc_column][\/vc_row][vc_row][vc_column][vc_column_text]Tarcisio Bonotto \u2013 Istituto di Ricerca PROUT 14\/03\/2020 Recentemente, a seguito della crisi economica in atto, generata dall&#8217;emergenza coronavirus, il Ministero alle Infrastrutture e dei Trasporti ha proposto la ripartenza dei lavori pubblici, per circa 120 miliardi di euro, <span class=\"excerpt-dots\">&hellip;<\/span> <a class=\"more-link\" href=\"https:\/\/irprout.it\/?p=5297\"><span class=\"more-msg\">Continua a leggere<\/span><\/a><\/p>\n","protected":false},"author":3,"featured_media":0,"comment_status":"closed","ping_status":"closed","sticky":false,"template":"","format":"standard","meta":{"ngg_post_thumbnail":0,"footnotes":""},"categories":[7,5,19,39,8],"tags":[],"class_list":["post-5297","post","type-post","status-publish","format-standard","hentry","category-economia","category-italia","category-ricerca_economica","category-ricerca_sociale","category-societa"],"yoast_head":"<!-- This site is optimized with the Yoast SEO plugin v26.6 - https:\/\/yoast.com\/wordpress\/plugins\/seo\/ -->\n<title>L\u2019Italia riparte dallo sviluppo Agricolo-Industriale - Istituto di Ricerca Prout<\/title>\n<meta name=\"robots\" content=\"index, follow, max-snippet:-1, max-image-preview:large, max-video-preview:-1\" \/>\n<link rel=\"canonical\" href=\"https:\/\/irprout.it\/?p=5297\" \/>\n<meta property=\"og:locale\" content=\"it_IT\" \/>\n<meta property=\"og:type\" content=\"article\" \/>\n<meta property=\"og:title\" content=\"L\u2019Italia riparte dallo sviluppo Agricolo-Industriale - Istituto di Ricerca Prout\" \/>\n<meta property=\"og:description\" content=\"[vc_row][vc_column][vc_custom_heading text=&#8221;L\u2019Italia riparte dallo sviluppo Agricolo-Industriale autosufficiente&#8221; font_container=&#8221;tag:h1|text_align:left|color:%233d3d3d&#8221; google_fonts=&#8221;font_family:Anton%3Aregular|font_style:400%20regular%3A400%3Anormal&#8221; css=&#8221;.vc_custom_1584441058022{background-color: #efde8b !important;}&#8221;][\/vc_column][\/vc_row][vc_row][vc_column][vc_column_text]Tarcisio Bonotto \u2013 Istituto di Ricerca PROUT 14\/03\/2020 Recentemente, a seguito della crisi economica in atto, generata dall&#8217;emergenza coronavirus, il Ministero alle Infrastrutture e dei Trasporti ha proposto la ripartenza dei lavori pubblici, per circa 120 miliardi di euro, &hellip; Continua a leggere\" \/>\n<meta property=\"og:url\" content=\"https:\/\/irprout.it\/?p=5297\" \/>\n<meta property=\"og:site_name\" content=\"Istituto di Ricerca Prout\" \/>\n<meta property=\"article:author\" content=\"https:\/\/it-it.facebook.com\/IRPROUT\" \/>\n<meta property=\"article:published_time\" content=\"2020-03-15T15:38:56+00:00\" \/>\n<meta property=\"article:modified_time\" content=\"2020-03-17T10:31:13+00:00\" \/>\n<meta name=\"author\" content=\"Tarcisio Bonotto\" \/>\n<meta name=\"twitter:label1\" content=\"Scritto da\" \/>\n\t<meta name=\"twitter:data1\" content=\"Tarcisio Bonotto\" \/>\n\t<meta name=\"twitter:label2\" content=\"Tempo di lettura stimato\" \/>\n\t<meta name=\"twitter:data2\" content=\"4 minuti\" \/>\n<script type=\"application\/ld+json\" class=\"yoast-schema-graph\">{\"@context\":\"https:\/\/schema.org\",\"@graph\":[{\"@type\":\"Article\",\"@id\":\"https:\/\/irprout.it\/?p=5297#article\",\"isPartOf\":{\"@id\":\"https:\/\/irprout.it\/?p=5297\"},\"author\":{\"name\":\"Tarcisio Bonotto\",\"@id\":\"https:\/\/irprout.it\/#\/schema\/person\/c29256b88f25238a0a5436e1dbe26555\"},\"headline\":\"L\u2019Italia riparte dallo sviluppo Agricolo-Industriale\",\"datePublished\":\"2020-03-15T15:38:56+00:00\",\"dateModified\":\"2020-03-17T10:31:13+00:00\",\"mainEntityOfPage\":{\"@id\":\"https:\/\/irprout.it\/?p=5297\"},\"wordCount\":849,\"publisher\":{\"@id\":\"https:\/\/irprout.it\/#organization\"},\"articleSection\":[\"Economia\",\"Italia\",\"Ricerca Economica\",\"Ricerca sociale\",\"Societ\u00e0\"],\"inLanguage\":\"it-IT\"},{\"@type\":\"WebPage\",\"@id\":\"https:\/\/irprout.it\/?p=5297\",\"url\":\"https:\/\/irprout.it\/?p=5297\",\"name\":\"L\u2019Italia riparte dallo sviluppo Agricolo-Industriale - Istituto di Ricerca Prout\",\"isPartOf\":{\"@id\":\"https:\/\/irprout.it\/#website\"},\"datePublished\":\"2020-03-15T15:38:56+00:00\",\"dateModified\":\"2020-03-17T10:31:13+00:00\",\"breadcrumb\":{\"@id\":\"https:\/\/irprout.it\/?p=5297#breadcrumb\"},\"inLanguage\":\"it-IT\",\"potentialAction\":[{\"@type\":\"ReadAction\",\"target\":[\"https:\/\/irprout.it\/?p=5297\"]}]},{\"@type\":\"BreadcrumbList\",\"@id\":\"https:\/\/irprout.it\/?p=5297#breadcrumb\",\"itemListElement\":[{\"@type\":\"ListItem\",\"position\":1,\"name\":\"Home\",\"item\":\"https:\/\/irprout.it\/\"},{\"@type\":\"ListItem\",\"position\":2,\"name\":\"L\u2019Italia riparte dallo sviluppo Agricolo-Industriale\"}]},{\"@type\":\"WebSite\",\"@id\":\"https:\/\/irprout.it\/#website\",\"url\":\"https:\/\/irprout.it\/\",\"name\":\"Istituto di Ricerca Prout\",\"description\":\"Istituto di Ricerca Prout\",\"publisher\":{\"@id\":\"https:\/\/irprout.it\/#organization\"},\"potentialAction\":[{\"@type\":\"SearchAction\",\"target\":{\"@type\":\"EntryPoint\",\"urlTemplate\":\"https:\/\/irprout.it\/?s={search_term_string}\"},\"query-input\":{\"@type\":\"PropertyValueSpecification\",\"valueRequired\":true,\"valueName\":\"search_term_string\"}}],\"inLanguage\":\"it-IT\"},{\"@type\":\"Organization\",\"@id\":\"https:\/\/irprout.it\/#organization\",\"name\":\"Istituto di Ricerca Prout\",\"url\":\"https:\/\/irprout.it\/\",\"logo\":{\"@type\":\"ImageObject\",\"inLanguage\":\"it-IT\",\"@id\":\"https:\/\/irprout.it\/#\/schema\/logo\/image\/\",\"url\":\"http:\/\/irprout.it\/wp-content\/uploads\/2014\/10\/logo_IRP_albero300Cor.jpg\",\"contentUrl\":\"http:\/\/irprout.it\/wp-content\/uploads\/2014\/10\/logo_IRP_albero300Cor.jpg\",\"width\":303,\"height\":304,\"caption\":\"Istituto di Ricerca Prout\"},\"image\":{\"@id\":\"https:\/\/irprout.it\/#\/schema\/logo\/image\/\"}},{\"@type\":\"Person\",\"@id\":\"https:\/\/irprout.it\/#\/schema\/person\/c29256b88f25238a0a5436e1dbe26555\",\"name\":\"Tarcisio Bonotto\",\"image\":{\"@type\":\"ImageObject\",\"inLanguage\":\"it-IT\",\"@id\":\"https:\/\/irprout.it\/#\/schema\/person\/image\/\",\"url\":\"https:\/\/secure.gravatar.com\/avatar\/8a341cc2c6188834b6220892d8c7f44835b971a191e4b4c7f0bdcf998648bf79?s=96&d=mm&r=g\",\"contentUrl\":\"https:\/\/secure.gravatar.com\/avatar\/8a341cc2c6188834b6220892d8c7f44835b971a191e4b4c7f0bdcf998648bf79?s=96&d=mm&r=g\",\"caption\":\"Tarcisio Bonotto\"},\"sameAs\":[\"http:\/\/irprout.it,www.prout.it\",\"https:\/\/it-it.facebook.com\/IRPROUT\",\"https:\/\/x.com\/#tarcisio.bonotto\"],\"url\":\"https:\/\/irprout.it\/?author=3\"}]}<\/script>\n<!-- \/ Yoast SEO plugin. -->","yoast_head_json":{"title":"L\u2019Italia riparte dallo sviluppo Agricolo-Industriale - Istituto di Ricerca Prout","robots":{"index":"index","follow":"follow","max-snippet":"max-snippet:-1","max-image-preview":"max-image-preview:large","max-video-preview":"max-video-preview:-1"},"canonical":"https:\/\/irprout.it\/?p=5297","og_locale":"it_IT","og_type":"article","og_title":"L\u2019Italia riparte dallo sviluppo Agricolo-Industriale - Istituto di Ricerca Prout","og_description":"[vc_row][vc_column][vc_custom_heading text=&#8221;L\u2019Italia riparte dallo sviluppo Agricolo-Industriale autosufficiente&#8221; font_container=&#8221;tag:h1|text_align:left|color:%233d3d3d&#8221; google_fonts=&#8221;font_family:Anton%3Aregular|font_style:400%20regular%3A400%3Anormal&#8221; css=&#8221;.vc_custom_1584441058022{background-color: #efde8b !important;}&#8221;][\/vc_column][\/vc_row][vc_row][vc_column][vc_column_text]Tarcisio Bonotto \u2013 Istituto di Ricerca PROUT 14\/03\/2020 Recentemente, a seguito della crisi economica in atto, generata dall&#8217;emergenza coronavirus, il Ministero alle Infrastrutture e dei Trasporti ha proposto la ripartenza dei lavori pubblici, per circa 120 miliardi di euro, &hellip; Continua a leggere","og_url":"https:\/\/irprout.it\/?p=5297","og_site_name":"Istituto di Ricerca Prout","article_author":"https:\/\/it-it.facebook.com\/IRPROUT","article_published_time":"2020-03-15T15:38:56+00:00","article_modified_time":"2020-03-17T10:31:13+00:00","author":"Tarcisio Bonotto","twitter_misc":{"Scritto da":"Tarcisio Bonotto","Tempo di lettura stimato":"4 minuti"},"schema":{"@context":"https:\/\/schema.org","@graph":[{"@type":"Article","@id":"https:\/\/irprout.it\/?p=5297#article","isPartOf":{"@id":"https:\/\/irprout.it\/?p=5297"},"author":{"name":"Tarcisio Bonotto","@id":"https:\/\/irprout.it\/#\/schema\/person\/c29256b88f25238a0a5436e1dbe26555"},"headline":"L\u2019Italia riparte dallo sviluppo Agricolo-Industriale","datePublished":"2020-03-15T15:38:56+00:00","dateModified":"2020-03-17T10:31:13+00:00","mainEntityOfPage":{"@id":"https:\/\/irprout.it\/?p=5297"},"wordCount":849,"publisher":{"@id":"https:\/\/irprout.it\/#organization"},"articleSection":["Economia","Italia","Ricerca Economica","Ricerca sociale","Societ\u00e0"],"inLanguage":"it-IT"},{"@type":"WebPage","@id":"https:\/\/irprout.it\/?p=5297","url":"https:\/\/irprout.it\/?p=5297","name":"L\u2019Italia riparte dallo sviluppo Agricolo-Industriale - Istituto di Ricerca Prout","isPartOf":{"@id":"https:\/\/irprout.it\/#website"},"datePublished":"2020-03-15T15:38:56+00:00","dateModified":"2020-03-17T10:31:13+00:00","breadcrumb":{"@id":"https:\/\/irprout.it\/?p=5297#breadcrumb"},"inLanguage":"it-IT","potentialAction":[{"@type":"ReadAction","target":["https:\/\/irprout.it\/?p=5297"]}]},{"@type":"BreadcrumbList","@id":"https:\/\/irprout.it\/?p=5297#breadcrumb","itemListElement":[{"@type":"ListItem","position":1,"name":"Home","item":"https:\/\/irprout.it\/"},{"@type":"ListItem","position":2,"name":"L\u2019Italia riparte dallo sviluppo Agricolo-Industriale"}]},{"@type":"WebSite","@id":"https:\/\/irprout.it\/#website","url":"https:\/\/irprout.it\/","name":"Istituto di Ricerca Prout","description":"Istituto di Ricerca Prout","publisher":{"@id":"https:\/\/irprout.it\/#organization"},"potentialAction":[{"@type":"SearchAction","target":{"@type":"EntryPoint","urlTemplate":"https:\/\/irprout.it\/?s={search_term_string}"},"query-input":{"@type":"PropertyValueSpecification","valueRequired":true,"valueName":"search_term_string"}}],"inLanguage":"it-IT"},{"@type":"Organization","@id":"https:\/\/irprout.it\/#organization","name":"Istituto di Ricerca Prout","url":"https:\/\/irprout.it\/","logo":{"@type":"ImageObject","inLanguage":"it-IT","@id":"https:\/\/irprout.it\/#\/schema\/logo\/image\/","url":"http:\/\/irprout.it\/wp-content\/uploads\/2014\/10\/logo_IRP_albero300Cor.jpg","contentUrl":"http:\/\/irprout.it\/wp-content\/uploads\/2014\/10\/logo_IRP_albero300Cor.jpg","width":303,"height":304,"caption":"Istituto di Ricerca Prout"},"image":{"@id":"https:\/\/irprout.it\/#\/schema\/logo\/image\/"}},{"@type":"Person","@id":"https:\/\/irprout.it\/#\/schema\/person\/c29256b88f25238a0a5436e1dbe26555","name":"Tarcisio Bonotto","image":{"@type":"ImageObject","inLanguage":"it-IT","@id":"https:\/\/irprout.it\/#\/schema\/person\/image\/","url":"https:\/\/secure.gravatar.com\/avatar\/8a341cc2c6188834b6220892d8c7f44835b971a191e4b4c7f0bdcf998648bf79?s=96&d=mm&r=g","contentUrl":"https:\/\/secure.gravatar.com\/avatar\/8a341cc2c6188834b6220892d8c7f44835b971a191e4b4c7f0bdcf998648bf79?s=96&d=mm&r=g","caption":"Tarcisio Bonotto"},"sameAs":["http:\/\/irprout.it,www.prout.it","https:\/\/it-it.facebook.com\/IRPROUT","https:\/\/x.com\/#tarcisio.bonotto"],"url":"https:\/\/irprout.it\/?author=3"}]}},"_links":{"self":[{"href":"https:\/\/irprout.it\/index.php?rest_route=\/wp\/v2\/posts\/5297","targetHints":{"allow":["GET"]}}],"collection":[{"href":"https:\/\/irprout.it\/index.php?rest_route=\/wp\/v2\/posts"}],"about":[{"href":"https:\/\/irprout.it\/index.php?rest_route=\/wp\/v2\/types\/post"}],"author":[{"embeddable":true,"href":"https:\/\/irprout.it\/index.php?rest_route=\/wp\/v2\/users\/3"}],"replies":[{"embeddable":true,"href":"https:\/\/irprout.it\/index.php?rest_route=%2Fwp%2Fv2%2Fcomments&post=5297"}],"version-history":[{"count":7,"href":"https:\/\/irprout.it\/index.php?rest_route=\/wp\/v2\/posts\/5297\/revisions"}],"predecessor-version":[{"id":5309,"href":"https:\/\/irprout.it\/index.php?rest_route=\/wp\/v2\/posts\/5297\/revisions\/5309"}],"wp:attachment":[{"href":"https:\/\/irprout.it\/index.php?rest_route=%2Fwp%2Fv2%2Fmedia&parent=5297"}],"wp:term":[{"taxonomy":"category","embeddable":true,"href":"https:\/\/irprout.it\/index.php?rest_route=%2Fwp%2Fv2%2Fcategories&post=5297"},{"taxonomy":"post_tag","embeddable":true,"href":"https:\/\/irprout.it\/index.php?rest_route=%2Fwp%2Fv2%2Ftags&post=5297"}],"curies":[{"name":"wp","href":"https:\/\/api.w.org\/{rel}","templated":true}]}}