{"id":6078,"date":"2021-09-24T17:47:17","date_gmt":"2021-09-24T16:47:17","guid":{"rendered":"http:\/\/irprout.it\/?p=6078"},"modified":"2022-03-02T16:36:22","modified_gmt":"2022-03-02T15:36:22","slug":"6078","status":"publish","type":"post","link":"https:\/\/irprout.it\/?p=6078","title":{"rendered":"L\u2019economia post Covid-19?"},"content":{"rendered":"<div class=\"wpb-content-wrapper\"><p>[vc_row][vc_column][vc_custom_heading text=&#8221;L\u2019economia prossima ventura: un sogno che si avvera.&#8221; font_container=&#8221;tag:h1|text_align:left|color:%234f4f4f&#8221; google_fonts=&#8221;font_family:Anton%3Aregular|font_style:400%20regular%3A400%3Anormal&#8221;][\/vc_column][\/vc_row][vc_row][vc_column][vc_separator color=&#8221;green&#8221; style=&#8221;shadow&#8221; border_width=&#8221;3&#8243;][\/vc_column][\/vc_row][vc_row][vc_column css=&#8221;.vc_custom_1632502373855{background-color: #e8e8e8 !important;}&#8221;][vc_column_text css=&#8221;.vc_custom_1646235377932{margin-top: -15px !important;margin-bottom: -10px !important;padding-right: 20px !important;padding-bottom: 10px !important;padding-left: 20px !important;}&#8221;]<span style=\"font-family: 'Roboto Condensed', sans-serif; font-size: 20px;\"><span style=\"color: #808080;\">L\u2019emergenza Covid 19, ci ha trovati impreparati per ci\u00f2 che riguarda le forniture dei presidi medici necessari. Il trend della Globalizzazione Economica del WTO, \u00e8 stato guidato da un mantra: importazione dei beni finiti da paesi dove il costo \u00e8 pi\u00f9 basso. La Cina ha fatto da padrone negli ultimi decenni, perch\u00e9 il costo del lavoro era molto basso, rispetto all\u2019Italia, di circa 4-5 volte nel 2005<a style=\"color: #808080;\" href=\"#_ftn1\" name=\"_ftnref1\">[1]<\/a>.<\/span><\/span>[\/vc_column_text][\/vc_column][\/vc_row][vc_row][vc_column][vc_empty_space height=&#8221;15&#8243;][\/vc_column][\/vc_row][vc_row][vc_column][vc_custom_heading text=&#8221;Necessit\u00e0 di autosufficienza produttiva per ogni paese.&#8221; font_container=&#8221;tag:h3|text_align:left|color:%233a3a3a&#8221; google_fonts=&#8221;font_family:Alegreya%20Sans%3A100%2C100italic%2C300%2C300italic%2Cregular%2Citalic%2C500%2C500italic%2C700%2C700italic%2C800%2C800italic%2C900%2C900italic|font_style:500%20bold%20regular%3A500%3Anormal&#8221; css=&#8221;.vc_custom_1632502638987{padding-top: 5px !important;padding-bottom: 5px !important;padding-left: 10px !important;background-color: #a7e1f9 !important;}&#8221;][\/vc_column][\/vc_row][vc_row][vc_column][vc_column_text]In caso di emergenze, calamit\u00e0 naturali o provocate dall\u2019uomo, essere autosufficienti nelle necessit\u00e0 basilari, \u00e8 una grande sicurezza. E\u2019 come avere in casa una dispensa ben fornita che in caso di alluvioni, isolamento, catastrofi come Cernobil, etc., per lo meno ci permette di sopravvivere.<\/p>\n<p>Che cosa succede quando dipendiamo da altri paesi per beni essenziali, siano essi alimentari, medicali, tecnologici, etc.? Abbiamo sperimentato all\u2019inizio della pandemia la mancanza di mascherine, respiratori, camici etc. Ci siamo resi conto che la produzione doveva essere per forza locale. Molti imprenditori si sono dati da fare per produrre mascherine, (Fiat, Grafiche Venete\u2026) in mezzo al caos pi\u00f9 totale, per l\u2019urgenza e per l\u2019inesperienza.<\/p>\n<p>Le forniture di mascherine dalla Cina tardavano, perch\u00e9 la richiesta mondiale era enorme.<\/p>\n<p>Abbiamo capito che dobbiamo produrle in loco. L\u2019allora commissario all\u2019emergenza Domenico Arcuri, aveva promesso di acquistare dalla Cina 52 macchinari, da 300.000 pezzi\/giorno, per la produzione di mascherine. Non si sa se il progetto \u00e8 stato realizzato.<\/p>\n<p>Immaginiamo che sia la Francia sia la Germania per una emergenza sanitaria agli allevamenti bovini non siano in grado di fornirci le quote di latte che riceviamo attualmente. Per crescere mucche da latte ci vogliono circa 3 anni, nel frattempo che cosa facciamo? Certo possiamo produrla artificialmente! Ma nell\u2019immediato andremo in crisi.<\/p>\n<p>Da qui la proposta di P.R. Sarkar, fondatore della teoria economica PROUT, che ci dobbiamo organizzare per ZONE Socio-Economiche autosufficienti (ZSE), per avere la massima sicurezza all\u2019esistenza e allo stesso tempo la massima occupazione. Infatti i nostri economisti asseriscono che se vi \u00e8 autosufficienza produttiva vi pu\u00f2 essere massima occupazione.<\/p>\n<p>Immaginatevi se l\u2019Europa adottasse questi principi! La Grecia non avrebbe fatto la fine che abbiamo visto.[\/vc_column_text][\/vc_column][\/vc_row][vc_row][vc_column][vc_custom_heading text=&#8221;Secondo aspetto: ogni fabbrica una cooperativa.&#8221; font_container=&#8221;tag:h3|text_align:left|color:%233a3a3a&#8221; google_fonts=&#8221;font_family:Alegreya%20Sans%3A100%2C100italic%2C300%2C300italic%2Cregular%2Citalic%2C500%2C500italic%2C700%2C700italic%2C800%2C800italic%2C900%2C900italic|font_style:500%20bold%20regular%3A500%3Anormal&#8221; css=&#8221;.vc_custom_1632502652203{padding-top: 5px !important;padding-bottom: 5px !important;padding-left: 10px !important;background-color: #a7e1f9 !important;}&#8221;][\/vc_column][\/vc_row][vc_row][vc_column][vc_column_text]Nella psicologia collettiva \u00e8 sorta l\u2019idea che le Multinazionali non fanno il bene del paese, e dobbiamo prendere in mano noi la nostra economia.<\/p>\n<p>In particolare il Modello Preston<a href=\"#_ftn2\" name=\"_ftnref2\">[2]<\/a> ribadisce che: \u201cIl primo principio del modello Preston \u00e8 che i servizi privatizzati costano di pi\u00f9 e non danno nulla in cambio, un dogma che &#8220;spreca miliardi per sovvenzionare l&#8217;estrazione del profitto&#8221;. Quando i servizi vengono esternalizzati i costi salgono, i salari dei lavoratori scendono, e la differenza viene intascata dalle imprese globali che si sono arricchite in modo grottesco ripetendo questa formula in ogni citt\u00e0 del mondo.<\/p>\n<p>L&#8217;autorit\u00e0 cittadina ha sostituito le multinazionali, come il gigante francese dei servizi Sodexho, che aveva contratti negli ospedali e nell&#8217;universit\u00e0 della citt\u00e0, con &#8220;cooperative di lavoratori create appositamente&#8221; per fornire lavanderia, catering e altri servizi.<\/p>\n<p>La riduzione dei costi di &#8220;in-housing&#8221; di questi servizi ha permesso direttamente la creazione di 5.000 posti di lavoro e un aumento salariale del 15% per i dipendenti\u201d.<\/p>\n<p>Vi sono decine di aziende italiane che, acquistate da multinazionali, stanno per essere delocalizzate, portando via il Know-how e lasciando dietro di s\u00e9 il deserto, disoccupazione e oneri per lo stato. Impensabile! Vi sono ancora vi sono eminenti economisti che chiedono di essere pi\u00f9 competitivi per attrarre capitali e multinazionali, visto il cimitero di aziende che \u00e8 stato creato! Uno dei lavoratori della GKN diceva: questi sono il vecchio!<\/p>\n<p>Queste aziende in crisi, con l\u2019aiuto di CFI,&nbsp;<a href=\"http:\/\/www.cfi.it\/index.php\">Cooperazione Finanza Impresa<\/a>, societ\u00e0 controllata e vigilata dal Ministero dello Sviluppo Economico nel cui capitale si trovano anche Invitalia, i fondi mutualistici di AGCI, Confcooperative, Legacoop e 317 imprese cooperative, potrebbero riportare il controllo dell\u2019azienda nelle proprie mani, creando una cooperativa. Lo stato compra l\u2019azienda in crisi, sotto forma di prestito, la consegna ai lavoratori, fornendo linee guida per la ristrutturazione.<\/p>\n<p>Questo \u00e8 il nuovo trend per l\u2019Italia, per la ristrutturazione della sua economia, per la massima occupazione e la garanzia a tutti\/e, perci\u00f2, delle Minime Necessit\u00e0 per l\u2019esistenza e la pace sociale.<\/p>\n<p>Siamo fiduciosi che questo passo porter\u00e0 sempre pi\u00f9 aziende, anche agricole, a produrre in cooperazione. E i benefici sono enormi. Guardiamo alle Cooperative Mondragon dei Paesi Baschi. Vi sono 40 studi internazionali che attestano come le coop Mondragon (200 cooperative con circa 90.000 soci) sono pi\u00f9 efficienti delle rispettive aziende private! E sono indipendenti da qualsiasi cambio di governo!<\/p>\n<p><strong>Buona Cooperazione.<\/strong><\/p>\n<p><a href=\"#_ftnref1\" name=\"_ftn1\">[1]<\/a> https:\/\/www.forextradingitalia.it \u203a Costo della vita<\/p>\n<p><a href=\"#_ftnref2\" name=\"_ftn2\">[2]<\/a> https:\/\/www.theguardian.com\/cities\/2017\/apr\/11\/preston-cleveland-model-lessons-recovery-rust-belt[\/vc_column_text][\/vc_column][\/vc_row]<\/p>\n<\/div>","protected":false},"excerpt":{"rendered":"<p>[vc_row][vc_column][vc_custom_heading text=&#8221;L\u2019economia prossima ventura: un sogno che si avvera.&#8221; font_container=&#8221;tag:h1|text_align:left|color:%234f4f4f&#8221; google_fonts=&#8221;font_family:Anton%3Aregular|font_style:400%20regular%3A400%3Anormal&#8221;][\/vc_column][\/vc_row][vc_row][vc_column][vc_separator color=&#8221;green&#8221; style=&#8221;shadow&#8221; border_width=&#8221;3&#8243;][\/vc_column][\/vc_row][vc_row][vc_column css=&#8221;.vc_custom_1632502373855{background-color: #e8e8e8 !important;}&#8221;][vc_column_text css=&#8221;.vc_custom_1646235377932{margin-top: -15px !important;margin-bottom: -10px !important;padding-right: 20px !important;padding-bottom: 10px !important;padding-left: 20px !important;}&#8221;]L\u2019emergenza Covid 19, ci ha trovati impreparati per ci\u00f2 che riguarda le forniture dei presidi medici necessari. Il trend della Globalizzazione Economica del <span class=\"excerpt-dots\">&hellip;<\/span> <a class=\"more-link\" href=\"https:\/\/irprout.it\/?p=6078\"><span class=\"more-msg\">Continua a leggere<\/span><\/a><\/p>\n","protected":false},"author":3,"featured_media":0,"comment_status":"closed","ping_status":"closed","sticky":false,"template":"","format":"standard","meta":{"ngg_post_thumbnail":0,"footnotes":""},"categories":[7,52,8],"tags":[],"class_list":["post-6078","post","type-post","status-publish","format-standard","hentry","category-economia","category-progetti","category-societa"],"yoast_head":"<!-- This site is optimized with the Yoast SEO plugin v26.6 - https:\/\/yoast.com\/wordpress\/plugins\/seo\/ -->\n<title>L\u2019economia post Covid-19? - Istituto di Ricerca Prout<\/title>\n<meta name=\"robots\" content=\"index, follow, max-snippet:-1, max-image-preview:large, max-video-preview:-1\" \/>\n<link rel=\"canonical\" href=\"https:\/\/irprout.it\/?p=6078\" \/>\n<meta property=\"og:locale\" content=\"it_IT\" \/>\n<meta property=\"og:type\" content=\"article\" \/>\n<meta property=\"og:title\" content=\"L\u2019economia post Covid-19? - Istituto di Ricerca Prout\" \/>\n<meta property=\"og:description\" content=\"[vc_row][vc_column][vc_custom_heading text=&#8221;L\u2019economia prossima ventura: un sogno che si avvera.&#8221; font_container=&#8221;tag:h1|text_align:left|color:%234f4f4f&#8221; google_fonts=&#8221;font_family:Anton%3Aregular|font_style:400%20regular%3A400%3Anormal&#8221;][\/vc_column][\/vc_row][vc_row][vc_column][vc_separator color=&#8221;green&#8221; style=&#8221;shadow&#8221; border_width=&#8221;3&#8243;][\/vc_column][\/vc_row][vc_row][vc_column css=&#8221;.vc_custom_1632502373855{background-color: #e8e8e8 !important;}&#8221;][vc_column_text css=&#8221;.vc_custom_1646235377932{margin-top: -15px !important;margin-bottom: -10px !important;padding-right: 20px !important;padding-bottom: 10px !important;padding-left: 20px !important;}&#8221;]L\u2019emergenza Covid 19, ci ha trovati impreparati per ci\u00f2 che riguarda le forniture dei presidi medici necessari. Il trend della Globalizzazione Economica del &hellip; Continua a leggere\" \/>\n<meta property=\"og:url\" content=\"https:\/\/irprout.it\/?p=6078\" \/>\n<meta property=\"og:site_name\" content=\"Istituto di Ricerca Prout\" \/>\n<meta property=\"article:author\" content=\"https:\/\/it-it.facebook.com\/IRPROUT\" \/>\n<meta property=\"article:published_time\" content=\"2021-09-24T16:47:17+00:00\" \/>\n<meta property=\"article:modified_time\" content=\"2022-03-02T15:36:22+00:00\" \/>\n<meta name=\"author\" content=\"Tarcisio Bonotto\" \/>\n<meta name=\"twitter:label1\" content=\"Scritto da\" \/>\n\t<meta name=\"twitter:data1\" content=\"Tarcisio Bonotto\" \/>\n\t<meta name=\"twitter:label2\" content=\"Tempo di lettura stimato\" \/>\n\t<meta name=\"twitter:data2\" content=\"5 minuti\" \/>\n<script type=\"application\/ld+json\" class=\"yoast-schema-graph\">{\"@context\":\"https:\/\/schema.org\",\"@graph\":[{\"@type\":\"Article\",\"@id\":\"https:\/\/irprout.it\/?p=6078#article\",\"isPartOf\":{\"@id\":\"https:\/\/irprout.it\/?p=6078\"},\"author\":{\"name\":\"Tarcisio Bonotto\",\"@id\":\"https:\/\/irprout.it\/#\/schema\/person\/c29256b88f25238a0a5436e1dbe26555\"},\"headline\":\"L\u2019economia post Covid-19?\",\"datePublished\":\"2021-09-24T16:47:17+00:00\",\"dateModified\":\"2022-03-02T15:36:22+00:00\",\"mainEntityOfPage\":{\"@id\":\"https:\/\/irprout.it\/?p=6078\"},\"wordCount\":1055,\"publisher\":{\"@id\":\"https:\/\/irprout.it\/#organization\"},\"articleSection\":[\"Economia\",\"Progetti\",\"Societ\u00e0\"],\"inLanguage\":\"it-IT\"},{\"@type\":\"WebPage\",\"@id\":\"https:\/\/irprout.it\/?p=6078\",\"url\":\"https:\/\/irprout.it\/?p=6078\",\"name\":\"L\u2019economia post Covid-19? - Istituto di Ricerca Prout\",\"isPartOf\":{\"@id\":\"https:\/\/irprout.it\/#website\"},\"datePublished\":\"2021-09-24T16:47:17+00:00\",\"dateModified\":\"2022-03-02T15:36:22+00:00\",\"breadcrumb\":{\"@id\":\"https:\/\/irprout.it\/?p=6078#breadcrumb\"},\"inLanguage\":\"it-IT\",\"potentialAction\":[{\"@type\":\"ReadAction\",\"target\":[\"https:\/\/irprout.it\/?p=6078\"]}]},{\"@type\":\"BreadcrumbList\",\"@id\":\"https:\/\/irprout.it\/?p=6078#breadcrumb\",\"itemListElement\":[{\"@type\":\"ListItem\",\"position\":1,\"name\":\"Home\",\"item\":\"https:\/\/irprout.it\/\"},{\"@type\":\"ListItem\",\"position\":2,\"name\":\"L\u2019economia post Covid-19?\"}]},{\"@type\":\"WebSite\",\"@id\":\"https:\/\/irprout.it\/#website\",\"url\":\"https:\/\/irprout.it\/\",\"name\":\"Istituto di Ricerca Prout\",\"description\":\"Istituto di Ricerca Prout\",\"publisher\":{\"@id\":\"https:\/\/irprout.it\/#organization\"},\"potentialAction\":[{\"@type\":\"SearchAction\",\"target\":{\"@type\":\"EntryPoint\",\"urlTemplate\":\"https:\/\/irprout.it\/?s={search_term_string}\"},\"query-input\":{\"@type\":\"PropertyValueSpecification\",\"valueRequired\":true,\"valueName\":\"search_term_string\"}}],\"inLanguage\":\"it-IT\"},{\"@type\":\"Organization\",\"@id\":\"https:\/\/irprout.it\/#organization\",\"name\":\"Istituto di Ricerca Prout\",\"url\":\"https:\/\/irprout.it\/\",\"logo\":{\"@type\":\"ImageObject\",\"inLanguage\":\"it-IT\",\"@id\":\"https:\/\/irprout.it\/#\/schema\/logo\/image\/\",\"url\":\"http:\/\/irprout.it\/wp-content\/uploads\/2014\/10\/logo_IRP_albero300Cor.jpg\",\"contentUrl\":\"http:\/\/irprout.it\/wp-content\/uploads\/2014\/10\/logo_IRP_albero300Cor.jpg\",\"width\":303,\"height\":304,\"caption\":\"Istituto di Ricerca Prout\"},\"image\":{\"@id\":\"https:\/\/irprout.it\/#\/schema\/logo\/image\/\"}},{\"@type\":\"Person\",\"@id\":\"https:\/\/irprout.it\/#\/schema\/person\/c29256b88f25238a0a5436e1dbe26555\",\"name\":\"Tarcisio Bonotto\",\"image\":{\"@type\":\"ImageObject\",\"inLanguage\":\"it-IT\",\"@id\":\"https:\/\/irprout.it\/#\/schema\/person\/image\/\",\"url\":\"https:\/\/secure.gravatar.com\/avatar\/8a341cc2c6188834b6220892d8c7f44835b971a191e4b4c7f0bdcf998648bf79?s=96&d=mm&r=g\",\"contentUrl\":\"https:\/\/secure.gravatar.com\/avatar\/8a341cc2c6188834b6220892d8c7f44835b971a191e4b4c7f0bdcf998648bf79?s=96&d=mm&r=g\",\"caption\":\"Tarcisio Bonotto\"},\"sameAs\":[\"http:\/\/irprout.it,www.prout.it\",\"https:\/\/it-it.facebook.com\/IRPROUT\",\"https:\/\/x.com\/#tarcisio.bonotto\"],\"url\":\"https:\/\/irprout.it\/?author=3\"}]}<\/script>\n<!-- \/ Yoast SEO plugin. -->","yoast_head_json":{"title":"L\u2019economia post Covid-19? - Istituto di Ricerca Prout","robots":{"index":"index","follow":"follow","max-snippet":"max-snippet:-1","max-image-preview":"max-image-preview:large","max-video-preview":"max-video-preview:-1"},"canonical":"https:\/\/irprout.it\/?p=6078","og_locale":"it_IT","og_type":"article","og_title":"L\u2019economia post Covid-19? - Istituto di Ricerca Prout","og_description":"[vc_row][vc_column][vc_custom_heading text=&#8221;L\u2019economia prossima ventura: un sogno che si avvera.&#8221; font_container=&#8221;tag:h1|text_align:left|color:%234f4f4f&#8221; google_fonts=&#8221;font_family:Anton%3Aregular|font_style:400%20regular%3A400%3Anormal&#8221;][\/vc_column][\/vc_row][vc_row][vc_column][vc_separator color=&#8221;green&#8221; style=&#8221;shadow&#8221; border_width=&#8221;3&#8243;][\/vc_column][\/vc_row][vc_row][vc_column css=&#8221;.vc_custom_1632502373855{background-color: #e8e8e8 !important;}&#8221;][vc_column_text css=&#8221;.vc_custom_1646235377932{margin-top: -15px !important;margin-bottom: -10px !important;padding-right: 20px !important;padding-bottom: 10px !important;padding-left: 20px !important;}&#8221;]L\u2019emergenza Covid 19, ci ha trovati impreparati per ci\u00f2 che riguarda le forniture dei presidi medici necessari. Il trend della Globalizzazione Economica del &hellip; Continua a leggere","og_url":"https:\/\/irprout.it\/?p=6078","og_site_name":"Istituto di Ricerca Prout","article_author":"https:\/\/it-it.facebook.com\/IRPROUT","article_published_time":"2021-09-24T16:47:17+00:00","article_modified_time":"2022-03-02T15:36:22+00:00","author":"Tarcisio Bonotto","twitter_misc":{"Scritto da":"Tarcisio Bonotto","Tempo di lettura stimato":"5 minuti"},"schema":{"@context":"https:\/\/schema.org","@graph":[{"@type":"Article","@id":"https:\/\/irprout.it\/?p=6078#article","isPartOf":{"@id":"https:\/\/irprout.it\/?p=6078"},"author":{"name":"Tarcisio Bonotto","@id":"https:\/\/irprout.it\/#\/schema\/person\/c29256b88f25238a0a5436e1dbe26555"},"headline":"L\u2019economia post Covid-19?","datePublished":"2021-09-24T16:47:17+00:00","dateModified":"2022-03-02T15:36:22+00:00","mainEntityOfPage":{"@id":"https:\/\/irprout.it\/?p=6078"},"wordCount":1055,"publisher":{"@id":"https:\/\/irprout.it\/#organization"},"articleSection":["Economia","Progetti","Societ\u00e0"],"inLanguage":"it-IT"},{"@type":"WebPage","@id":"https:\/\/irprout.it\/?p=6078","url":"https:\/\/irprout.it\/?p=6078","name":"L\u2019economia post Covid-19? - Istituto di Ricerca Prout","isPartOf":{"@id":"https:\/\/irprout.it\/#website"},"datePublished":"2021-09-24T16:47:17+00:00","dateModified":"2022-03-02T15:36:22+00:00","breadcrumb":{"@id":"https:\/\/irprout.it\/?p=6078#breadcrumb"},"inLanguage":"it-IT","potentialAction":[{"@type":"ReadAction","target":["https:\/\/irprout.it\/?p=6078"]}]},{"@type":"BreadcrumbList","@id":"https:\/\/irprout.it\/?p=6078#breadcrumb","itemListElement":[{"@type":"ListItem","position":1,"name":"Home","item":"https:\/\/irprout.it\/"},{"@type":"ListItem","position":2,"name":"L\u2019economia post Covid-19?"}]},{"@type":"WebSite","@id":"https:\/\/irprout.it\/#website","url":"https:\/\/irprout.it\/","name":"Istituto di Ricerca Prout","description":"Istituto di Ricerca Prout","publisher":{"@id":"https:\/\/irprout.it\/#organization"},"potentialAction":[{"@type":"SearchAction","target":{"@type":"EntryPoint","urlTemplate":"https:\/\/irprout.it\/?s={search_term_string}"},"query-input":{"@type":"PropertyValueSpecification","valueRequired":true,"valueName":"search_term_string"}}],"inLanguage":"it-IT"},{"@type":"Organization","@id":"https:\/\/irprout.it\/#organization","name":"Istituto di Ricerca Prout","url":"https:\/\/irprout.it\/","logo":{"@type":"ImageObject","inLanguage":"it-IT","@id":"https:\/\/irprout.it\/#\/schema\/logo\/image\/","url":"http:\/\/irprout.it\/wp-content\/uploads\/2014\/10\/logo_IRP_albero300Cor.jpg","contentUrl":"http:\/\/irprout.it\/wp-content\/uploads\/2014\/10\/logo_IRP_albero300Cor.jpg","width":303,"height":304,"caption":"Istituto di Ricerca Prout"},"image":{"@id":"https:\/\/irprout.it\/#\/schema\/logo\/image\/"}},{"@type":"Person","@id":"https:\/\/irprout.it\/#\/schema\/person\/c29256b88f25238a0a5436e1dbe26555","name":"Tarcisio Bonotto","image":{"@type":"ImageObject","inLanguage":"it-IT","@id":"https:\/\/irprout.it\/#\/schema\/person\/image\/","url":"https:\/\/secure.gravatar.com\/avatar\/8a341cc2c6188834b6220892d8c7f44835b971a191e4b4c7f0bdcf998648bf79?s=96&d=mm&r=g","contentUrl":"https:\/\/secure.gravatar.com\/avatar\/8a341cc2c6188834b6220892d8c7f44835b971a191e4b4c7f0bdcf998648bf79?s=96&d=mm&r=g","caption":"Tarcisio Bonotto"},"sameAs":["http:\/\/irprout.it,www.prout.it","https:\/\/it-it.facebook.com\/IRPROUT","https:\/\/x.com\/#tarcisio.bonotto"],"url":"https:\/\/irprout.it\/?author=3"}]}},"_links":{"self":[{"href":"https:\/\/irprout.it\/index.php?rest_route=\/wp\/v2\/posts\/6078","targetHints":{"allow":["GET"]}}],"collection":[{"href":"https:\/\/irprout.it\/index.php?rest_route=\/wp\/v2\/posts"}],"about":[{"href":"https:\/\/irprout.it\/index.php?rest_route=\/wp\/v2\/types\/post"}],"author":[{"embeddable":true,"href":"https:\/\/irprout.it\/index.php?rest_route=\/wp\/v2\/users\/3"}],"replies":[{"embeddable":true,"href":"https:\/\/irprout.it\/index.php?rest_route=%2Fwp%2Fv2%2Fcomments&post=6078"}],"version-history":[{"count":9,"href":"https:\/\/irprout.it\/index.php?rest_route=\/wp\/v2\/posts\/6078\/revisions"}],"predecessor-version":[{"id":6289,"href":"https:\/\/irprout.it\/index.php?rest_route=\/wp\/v2\/posts\/6078\/revisions\/6289"}],"wp:attachment":[{"href":"https:\/\/irprout.it\/index.php?rest_route=%2Fwp%2Fv2%2Fmedia&parent=6078"}],"wp:term":[{"taxonomy":"category","embeddable":true,"href":"https:\/\/irprout.it\/index.php?rest_route=%2Fwp%2Fv2%2Fcategories&post=6078"},{"taxonomy":"post_tag","embeddable":true,"href":"https:\/\/irprout.it\/index.php?rest_route=%2Fwp%2Fv2%2Ftags&post=6078"}],"curies":[{"name":"wp","href":"https:\/\/api.w.org\/{rel}","templated":true}]}}