{"id":6755,"date":"2024-02-29T18:32:32","date_gmt":"2024-02-29T17:32:32","guid":{"rendered":"https:\/\/irprout.it\/?p=6755"},"modified":"2024-02-29T18:44:58","modified_gmt":"2024-02-29T17:44:58","slug":"6755","status":"publish","type":"post","link":"https:\/\/irprout.it\/?p=6755","title":{"rendered":"T\u00e8, Amore e il Mondo"},"content":{"rendered":"<div class=\"wpb-content-wrapper\"><p>[vc_row][vc_column][vc_custom_heading text=&#8221;T\u00e8, Amore e il Mondo&#8221; font_container=&#8221;tag:h1|text_align:left|color:%23333333&#8243; google_fonts=&#8221;font_family:Anton%3Aregular|font_style:400%20regular%3A400%3Anormal&#8221;][\/vc_column][\/vc_row][vc_row][vc_column][vc_separator color=&#8221;green&#8221; style=&#8221;shadow&#8221; border_width=&#8221;3&#8243; css=&#8221;.vc_custom_1709223116129{margin-top: -10px !important;}&#8221;][\/vc_column][\/vc_row][vc_row][vc_column][vc_column_text css=&#8221;.vc_custom_1709223615586{padding-top: 10px !important;padding-right: 15px !important;padding-bottom: 10px !important;padding-left: 15px !important;background-color: #e8e8e8 !important;}&#8221;]<span style=\"font-size: 20px; font-family: 'Arial Narrow', Arial, sans-serif; color: #000000;\"><em>Evento organizzato dall&#8217;Ass.ne ESPERANTISTI &#8220;<span style=\"color: #ff0000;\"><i>Giorgio Canuto<\/i><\/span>&#8221; di Parma. In giro per il Mondo: come si prepara il Th\u00e8, le bandiere, le lingue, le espressioni culturali. Un caleidoscopio della stessa umanit\u00e0, dalle espressioni pi\u00f9 svariate. Dice P.R. Sarkar: &#8220;L&#8217;umanit\u00e0 \u00e8 come un giardino fiorito, bella perch\u00e9 vi \u00e8 sia la variet\u00e0 che i pi\u00f9 disparati colori&#8221;.&nbsp;<\/em><\/span>[\/vc_column_text][\/vc_column][\/vc_row][vc_row][vc_column][vc_separator color=&#8221;green&#8221; style=&#8221;shadow&#8221; border_width=&#8221;3&#8243; css=&#8221;.vc_custom_1709223116129{margin-top: -10px !important;}&#8221;][\/vc_column][\/vc_row][vc_row][vc_column][vc_column_text]Il 10 febbraio 2024 ha fatto il suo debutto anche in Italia l&#8217;evento culturale internazionale \u201cIl t\u00e8, l&#8217;amore e il mondo\u201d, originariamente lanciato come mostra fotografica dalla dinamica Associazione Esperanto di Tianjin. L&#8217;Associazione Esperantista \u201cGiorgio Canuto\u201d di Parma ha organizzato, infatti, un&#8217;intera mattinata di scambi interculturali presso la locale Fondazione Saveriana, la cui elegante sede comprende anche il Museo di Arte Cinese ed Etnografico.<\/p>\n<p><a href=\"https:\/\/irprout.it\/wp-content\/uploads\/2024\/02\/Foto-Parma-1a.jpeg-1.jpg\"><img decoding=\"async\" class=\"size-full wp-image-6766 aligncenter lazyload\" data-src=\"https:\/\/irprout.it\/wp-content\/uploads\/2024\/02\/Foto-Parma-1a.jpeg-1.jpg\" alt=\"\" width=\"700\" height=\"451\" data-srcset=\"https:\/\/irprout.it\/wp-content\/uploads\/2024\/02\/Foto-Parma-1a.jpeg-1.jpg 700w, https:\/\/irprout.it\/wp-content\/uploads\/2024\/02\/Foto-Parma-1a.jpeg-1-300x193.jpg 300w\" data-sizes=\"(max-width: 700px) 100vw, 700px\" src=\"data:image\/svg+xml;base64,PHN2ZyB3aWR0aD0iMSIgaGVpZ2h0PSIxIiB4bWxucz0iaHR0cDovL3d3dy53My5vcmcvMjAwMC9zdmciPjwvc3ZnPg==\" style=\"--smush-placeholder-width: 700px; --smush-placeholder-aspect-ratio: 700\/451;\" \/><\/a>Con i video ricevuti dalla gentile Lin Lisha di Tianjin, abbiamo potuto mostrare al nostro pubblico la produzione e la degustazione del t\u00e8 in Cina, Pakistan, Vietnam ed Europa dell&#8217;Est. Particolarmente bella \u00e8 stata la presentazione di un evento di t\u00e8 di lusso a Samarcanda, in Uzbekistan. Ma abbiamo aggiunto anche l&#8217;interessante progetto di Maximiliano Garcia e Wei Ningna per MA-GA Films, perch\u00e9 ora stanno lavorando a &#8220;Viaggio in Oriente&#8221;, un videocorso per conoscere il mondo del t\u00e8 cinese attraverso l&#8217;esperanto e imparare meglio la lingua stesso in uno specifico contesto pratico. Era importante mostrare al nostro pubblico, numeroso dalle nove del mattino fino alle due del pomeriggio, che l&#8217;esperanto pu\u00f2 servire anche a scopi concreti.<\/p>\n<p><a href=\"https:\/\/irprout.it\/wp-content\/uploads\/2024\/02\/foto-parma-2a.jpeg.jpg\"><img decoding=\"async\" class=\"size-full wp-image-6760 aligncenter lazyload\" data-src=\"https:\/\/irprout.it\/wp-content\/uploads\/2024\/02\/foto-parma-2a.jpeg.jpg\" alt=\"\" width=\"550\" height=\"309\" data-srcset=\"https:\/\/irprout.it\/wp-content\/uploads\/2024\/02\/foto-parma-2a.jpeg.jpg 550w, https:\/\/irprout.it\/wp-content\/uploads\/2024\/02\/foto-parma-2a.jpeg-300x169.jpg 300w\" data-sizes=\"(max-width: 550px) 100vw, 550px\" src=\"data:image\/svg+xml;base64,PHN2ZyB3aWR0aD0iMSIgaGVpZ2h0PSIxIiB4bWxucz0iaHR0cDovL3d3dy53My5vcmcvMjAwMC9zdmciPjwvc3ZnPg==\" style=\"--smush-placeholder-width: 550px; --smush-placeholder-aspect-ratio: 550\/309;\" \/><\/a>Grande interesse hanno suscitato anche i documentari di giovani registe cinesi sulla nazionalit\u00e0 Hani dello Yunnan. Per vivere pi\u00f9 profondamente l\u2019atmosfera del paesaggio sonoro \u201cChorus Hani\u201d (2023) di Zheng Nanxi, ho chiesto agli spettatori di chiudere gli occhi, cosa che hanno fatto obbedientemente. Nella loro mente hanno cos\u00ec preso forma le note del canto rituale della semina del riso nelle risaie terrazzate della nazionalit\u00e0 Hani. Ma allo stesso tempo cresceva la curiosit\u00e0 del pubblico di vedere come vivono realmente queste persone. Lo ha dimostrato il successivo film documentario, \u201cGiorno e notte a Puchun\u201d (2013) di Tang Jingchuan, che li ha accompagnati all&#8217;interno del villaggio di Hani, mostrandone la vita quotidiana con i problemi reali e le speranze della gente.<\/p>\n<p><a href=\"https:\/\/irprout.it\/wp-content\/uploads\/2024\/02\/T.Bonotto-dialoghi-2a.jpg\"><img decoding=\"async\" class=\"size-full wp-image-6768 aligncenter lazyload\" data-src=\"https:\/\/irprout.it\/wp-content\/uploads\/2024\/02\/T.Bonotto-dialoghi-2a.jpg\" alt=\"\" width=\"550\" height=\"379\" data-srcset=\"https:\/\/irprout.it\/wp-content\/uploads\/2024\/02\/T.Bonotto-dialoghi-2a.jpg 550w, https:\/\/irprout.it\/wp-content\/uploads\/2024\/02\/T.Bonotto-dialoghi-2a-300x207.jpg 300w\" data-sizes=\"(max-width: 550px) 100vw, 550px\" src=\"data:image\/svg+xml;base64,PHN2ZyB3aWR0aD0iMSIgaGVpZ2h0PSIxIiB4bWxucz0iaHR0cDovL3d3dy53My5vcmcvMjAwMC9zdmciPjwvc3ZnPg==\" style=\"--smush-placeholder-width: 550px; --smush-placeholder-aspect-ratio: 550\/379;\" \/><\/a>Franco Bressanin e Tarcisio Bonotto dell&#8217;Istituto di Ricerca PROUT ci hanno portato dalla Cina all&#8217;India, dove hanno presentato, tra le altre cose, pratiche di meditazione utilizzate anche nelle scuole e l&#8217;importanza dell&#8217;educazione per il perseguimento di una societ\u00e0 economicamente giusta.<\/p>\n<p>Caterina Parca ha letto le sue ispirate poesie con traduzione in esperanto e Cristina Bollini ci ha parlato delle bandiere dei paesi produttori di t\u00e8, dalla bandiera della Turchia con la luna di Artemide al sole dell&#8217;Argentina.<\/p>\n<p><a href=\"https:\/\/irprout.it\/wp-content\/uploads\/2024\/02\/poems-poetry.jpg\"><img decoding=\"async\" class=\"alignleft size-full wp-image-6774 lazyload\" data-src=\"https:\/\/irprout.it\/wp-content\/uploads\/2024\/02\/poems-poetry.jpg\" alt=\"\" width=\"892\" height=\"367\" data-srcset=\"https:\/\/irprout.it\/wp-content\/uploads\/2024\/02\/poems-poetry.jpg 892w, https:\/\/irprout.it\/wp-content\/uploads\/2024\/02\/poems-poetry-300x123.jpg 300w, https:\/\/irprout.it\/wp-content\/uploads\/2024\/02\/poems-poetry-768x316.jpg 768w\" data-sizes=\"(max-width: 892px) 100vw, 892px\" src=\"data:image\/svg+xml;base64,PHN2ZyB3aWR0aD0iMSIgaGVpZ2h0PSIxIiB4bWxucz0iaHR0cDovL3d3dy53My5vcmcvMjAwMC9zdmciPjwvc3ZnPg==\" style=\"--smush-placeholder-width: 892px; --smush-placeholder-aspect-ratio: 892\/367;\" \/><\/a><\/p>\n<p>Il colorito della presentazione ha colpito molto anche la direttrice del Museo Cinese, Chiara Allegri, che ha accolto con favore la donazione di libri sull&#8217;arte e la cultura cinese da parte di Chen Ming, presidente dell&#8217;Associazione Italia-Cina New Generation. Nel suo discorso di ringraziamento ha menzionato, tra l&#8217;altro, la somiglianza degli obiettivi del museo e dell&#8217;esperanto: favorire la conoscenza reciproca tra le culture, anche a livello della vita quotidiana, rimuovere le paure e favorire la convivenza pacifica, con particolare attenzione alle minoranze.<\/p>\n<p><a href=\"https:\/\/irprout.it\/wp-content\/uploads\/2024\/02\/foto-parma-3a.jpg\"><img decoding=\"async\" class=\"size-full wp-image-6763 aligncenter lazyload\" data-src=\"https:\/\/irprout.it\/wp-content\/uploads\/2024\/02\/foto-parma-3a.jpg\" alt=\"\" width=\"700\" height=\"467\" data-srcset=\"https:\/\/irprout.it\/wp-content\/uploads\/2024\/02\/foto-parma-3a.jpg 700w, https:\/\/irprout.it\/wp-content\/uploads\/2024\/02\/foto-parma-3a-300x200.jpg 300w\" data-sizes=\"(max-width: 700px) 100vw, 700px\" src=\"data:image\/svg+xml;base64,PHN2ZyB3aWR0aD0iMSIgaGVpZ2h0PSIxIiB4bWxucz0iaHR0cDovL3d3dy53My5vcmcvMjAwMC9zdmciPjwvc3ZnPg==\" style=\"--smush-placeholder-width: 700px; --smush-placeholder-aspect-ratio: 700\/467;\" \/><\/a><a href=\"https:\/\/irprout.it\/wp-content\/uploads\/2024\/02\/foto-parma-7a-1.jpg\"><img decoding=\"async\" class=\"size-full wp-image-6769 aligncenter lazyload\" data-src=\"https:\/\/irprout.it\/wp-content\/uploads\/2024\/02\/foto-parma-7a-1.jpg\" alt=\"\" width=\"700\" height=\"394\" data-srcset=\"https:\/\/irprout.it\/wp-content\/uploads\/2024\/02\/foto-parma-7a-1.jpg 700w, https:\/\/irprout.it\/wp-content\/uploads\/2024\/02\/foto-parma-7a-1-300x169.jpg 300w\" data-sizes=\"(max-width: 700px) 100vw, 700px\" src=\"data:image\/svg+xml;base64,PHN2ZyB3aWR0aD0iMSIgaGVpZ2h0PSIxIiB4bWxucz0iaHR0cDovL3d3dy53My5vcmcvMjAwMC9zdmciPjwvc3ZnPg==\" style=\"--smush-placeholder-width: 700px; --smush-placeholder-aspect-ratio: 700\/394;\" \/><\/a><a href=\"https:\/\/irprout.it\/wp-content\/uploads\/2024\/02\/foto-parma-4a.jpg\"><img decoding=\"async\" class=\"size-full wp-image-6764 aligncenter lazyload\" data-src=\"https:\/\/irprout.it\/wp-content\/uploads\/2024\/02\/foto-parma-4a.jpg\" alt=\"\" width=\"700\" height=\"459\" data-srcset=\"https:\/\/irprout.it\/wp-content\/uploads\/2024\/02\/foto-parma-4a.jpg 700w, https:\/\/irprout.it\/wp-content\/uploads\/2024\/02\/foto-parma-4a-300x197.jpg 300w\" data-sizes=\"(max-width: 700px) 100vw, 700px\" src=\"data:image\/svg+xml;base64,PHN2ZyB3aWR0aD0iMSIgaGVpZ2h0PSIxIiB4bWxucz0iaHR0cDovL3d3dy53My5vcmcvMjAwMC9zdmciPjwvc3ZnPg==\" style=\"--smush-placeholder-width: 700px; --smush-placeholder-aspect-ratio: 700\/459;\" \/><\/a><\/p>\n<p>&nbsp;<\/p>\n<p>&nbsp;<\/p>\n<p style=\"text-align: center;\"><span style=\"font-family: Impact, 'Arial Narrow Bold', sans-serif; font-size: 24pt;\">Teo, Amo kaj la Mondo en Parmo<\/span><\/p>\n<p style=\"text-align: center;\">Alessandra Madella&nbsp;Publikigita: 2024-02-23 09:46:17<\/p>\n<p>La dekan de februaro 2024 la internacia kultura evento \u201cTeo, Amo kaj la Mondo\u201d, origine lan\u0109ita kiel foto-ekspozicio fare de la dinamika Tianjin-a Esperanto-Asocio, debutis anka\u016d&nbsp;en Italio. La Esperanto-Asocio \u201cGiorgio Canuto\u201d de Parmo organizis, fakte, tutan matenon de interkulturaj inter\u015dan\u011doj en la loka Saveriana Fonda\u0135o, al kies eleganta konstrua\u0135o apartenas anka\u016d&nbsp;la Muzeo de \u0108ina Arto kaj Etnografio. Per la videoj, kiujn ni ricevis de la afabla Lin Lisha de Tianjin, ni povis montri al nia publiko la produktadon kaj gustumadon de teo en \u0108inio, Pakistano, Vjetnamio kaj Orienta E\u016dropo. Aparte belis la prezentado de luksa teo-evento en Samarkando, Uzbekio. Sed ni aldonis anka\u016d&nbsp;la interesan projekton de Maximiliano Garcia kaj Wei Ningna por MA-GA Filmoj, \u0109ar ili estas nun laborantaj pri \u201cVoja\u011do al la Oriento\u201d, video-kurso por lerni pri la mondo de \u0109ina teo pere de Esperanto kaj pli bone lerni la lingvon mem en specifa praktika kunteksto. Gravis tiel montri al nia publiko, fidele multnombra de la na\u016da matene \u011dis la dua posttagmeze, ke Esperanto povas anka\u016d&nbsp;utili al konkretaj celoj.&nbsp;<\/p>\n<p>Grandan intereson vekis anka\u016d&nbsp;la dokumentaj filmoj de junaj \u0109inaj re\u011disorinoj pri la Yunnan-a nacieco Hani. Por pli profunde sperti la etoson de la son-pejza\u011do \u201cKoruso Hani\u201d (2023) de Zheng Nanxi, mi petis la spektantojn fermi siajn okulojn\u2014kion ili obeeme faris. En iliaj mensoj tiel prenis formon la notoj de la rita kanto de riz-plantado en la teras-rizejoj de la Hani-nacieco. Sed samtempe kreskis la scivolemo de la publiko vidi kiel tiuj homoj vere vivas. Tion montris al ili lasekva dokumenta filmo, \u201cTago kaj Nokto en Puchun\u201d (2013) de Tang Jingchuan, kiu akompanis ilin enen de vila\u011do Hani, montrante \u011dian \u0109iutagan vivon kun la veraj problemoj kaj esperoj de la homoj.<\/p>\n<p>Franco Bressanin kaj Tarcisio Bonotto de Esplora Instituto PROUT portis nin de \u0108inio al Barato, pri kiu ili interalie prezentis praktikojn de meditado uzatajn anka\u016d en lernejoj kaj la gravecon de edukado en la strebo por ekonomie justa socio. Caterina Parca legis siajn inspiritajn poemojn kun Esperanta traduko kaj Cristina Bollini parolis al ni pri la flagoj de la landoj produktantaj teon, de la flago de Turkio kun la luno de Artemiso al la suno de Argentino. La bunteco de la prezento anka\u016d multe impresis la direktorinon de la \u0108ina Muzeo, Chiara Allegri, kiu bonvenigis la donacon de libroj pri \u0109ina arto kaj kulturo fare de Chen Ming, prezidanto de Asocio Nova Generacio Italio-\u0108inio. En siaj dank-paroloj \u015di interalie menciis la similecon de la celoj de la muzeo kaj Esperanto kreskigi la reciprokan konon inter kulturoj, inkluzive je la nivelo de \u0109iutaga vivo, por forigi timojn kaj favori pacan kunvivadon, kun aparta atento pri malplimultoj.<\/p>\n<p>En apuda saloneto ni povis sperti tian interkulturan mergi\u011don per gustumado de teoj kaj dol\u0109a\u0135oj. La tabloj, mirinde aran\u011ditaj de Patrizia Rivaldi, portis nin de Barato, \u0108inio kaj Japanio al Italio, Kenjo kaj Senegalo. Pla\u0109is al la partoprenantoj la maniero, en kiu \u015di ne nur respondis al iliaj demandoj, sed anka\u016d pretigis tre detalan folion kun klarigoj por la preparado de \u0109iu infuzado kaj la listo de \u0109iuj ingrediencoj. La gastoj povis elekti inter du specoj de nigra teo, du specoj de verda teo, blanka teo, krisantema teo, treege bongusta jasmena teo kaj Pu\u2019er-a teo rekte el Yunnan. Adornis la saloneton ne nur libere preneblaj ekzempleroj de la revuoj de ILEI (INTERNACIA PEDAGOGIA REVUO kaj JUNA AMIKO), sed anka\u016d bona\u016dguraj ru\u011daj papertonda\u0135oj kun la simbolo de la drako, \u0109ar temis ja pri la unua tago de la nova jaro la\u016d la \u0109ina kalendaro!<\/p>\n<p>La intensa mateno fini\u011dis per unu-hora leciono de afrika danco fare de la senegala majstro Moussa Lo de Asocio Afrodanzalo, kiu instruis per granda pedagogia entuziasmo. Li konvinke montris kiel per grupa dancado oni komprenas multe pri la vivo \u011denerale kaj kapablas pli multe fidi je la aliaj, lernante kiel respekti iliajn movojn kaj bezonojn. Certe la danco estis bona praktiko por la venonta Universala Kongreso de UEA en Tanzanio. \u011ci altiris junulojn, kiuj demandis, \u0109u estas lecionoj de Esperanto por komencantoj en Parmo. Krome, la bona rilato kun la \u0108ina Muzeo espereble malfermos la eblon prezenti tie ekspozicion pri Esperanto en Azio, eble kunlabore kun la Esperanta-Muzeo de Zaozhuang-Universitato. La videoj de la evento, kiu ricevis la financan subtenon de Itala Esperanto-Federacio, estas spekteblaj en la Jutuba kanalo \u201cEsperanto + Edukado ILEI\u201d.[\/vc_column_text][\/vc_column][\/vc_row]<\/p>\n<\/div>","protected":false},"excerpt":{"rendered":"<p>[vc_row][vc_column][vc_custom_heading text=&#8221;T\u00e8, Amore e il Mondo&#8221; font_container=&#8221;tag:h1|text_align:left|color:%23333333&#8243; google_fonts=&#8221;font_family:Anton%3Aregular|font_style:400%20regular%3A400%3Anormal&#8221;][\/vc_column][\/vc_row][vc_row][vc_column][vc_separator color=&#8221;green&#8221; style=&#8221;shadow&#8221; border_width=&#8221;3&#8243; css=&#8221;.vc_custom_1709223116129{margin-top: -10px !important;}&#8221;][\/vc_column][\/vc_row][vc_row][vc_column][vc_column_text css=&#8221;.vc_custom_1709223615586{padding-top: 10px !important;padding-right: 15px !important;padding-bottom: 10px !important;padding-left: 15px !important;background-color: #e8e8e8 !important;}&#8221;]Evento organizzato dall&#8217;Ass.ne ESPERANTISTI &#8220;Giorgio Canuto&#8221; di Parma. In giro per il Mondo: come si prepara il Th\u00e8, le bandiere, le lingue, le espressioni culturali. Un <span class=\"excerpt-dots\">&hellip;<\/span> <a class=\"more-link\" href=\"https:\/\/irprout.it\/?p=6755\"><span class=\"more-msg\">Continua a leggere<\/span><\/a><\/p>\n","protected":false},"author":3,"featured_media":0,"comment_status":"closed","ping_status":"closed","sticky":false,"template":"","format":"standard","meta":{"ngg_post_thumbnail":0,"footnotes":""},"categories":[21,51,6,39,8],"tags":[],"class_list":["post-6755","post","type-post","status-publish","format-standard","hentry","category-eventi","category-lingue","category-mondo","category-ricerca_sociale","category-societa"],"yoast_head":"<!-- This site is optimized with the Yoast SEO plugin v26.6 - https:\/\/yoast.com\/wordpress\/plugins\/seo\/ -->\n<title>T\u00e8, Amore e il Mondo - Istituto di Ricerca Prout<\/title>\n<meta name=\"robots\" content=\"index, follow, max-snippet:-1, max-image-preview:large, max-video-preview:-1\" \/>\n<link rel=\"canonical\" href=\"https:\/\/irprout.it\/?p=6755\" \/>\n<meta property=\"og:locale\" content=\"it_IT\" \/>\n<meta property=\"og:type\" content=\"article\" \/>\n<meta property=\"og:title\" content=\"T\u00e8, Amore e il Mondo - Istituto di Ricerca Prout\" \/>\n<meta property=\"og:description\" content=\"[vc_row][vc_column][vc_custom_heading text=&#8221;T\u00e8, Amore e il Mondo&#8221; font_container=&#8221;tag:h1|text_align:left|color:%23333333&#8243; google_fonts=&#8221;font_family:Anton%3Aregular|font_style:400%20regular%3A400%3Anormal&#8221;][\/vc_column][\/vc_row][vc_row][vc_column][vc_separator color=&#8221;green&#8221; style=&#8221;shadow&#8221; border_width=&#8221;3&#8243; css=&#8221;.vc_custom_1709223116129{margin-top: -10px !important;}&#8221;][\/vc_column][\/vc_row][vc_row][vc_column][vc_column_text css=&#8221;.vc_custom_1709223615586{padding-top: 10px !important;padding-right: 15px !important;padding-bottom: 10px !important;padding-left: 15px !important;background-color: #e8e8e8 !important;}&#8221;]Evento organizzato dall&#8217;Ass.ne ESPERANTISTI &#8220;Giorgio Canuto&#8221; di Parma. In giro per il Mondo: come si prepara il Th\u00e8, le bandiere, le lingue, le espressioni culturali. Un &hellip; Continua a leggere\" \/>\n<meta property=\"og:url\" content=\"https:\/\/irprout.it\/?p=6755\" \/>\n<meta property=\"og:site_name\" content=\"Istituto di Ricerca Prout\" \/>\n<meta property=\"article:author\" content=\"https:\/\/it-it.facebook.com\/IRPROUT\" \/>\n<meta property=\"article:published_time\" content=\"2024-02-29T17:32:32+00:00\" \/>\n<meta property=\"article:modified_time\" content=\"2024-02-29T17:44:58+00:00\" \/>\n<meta property=\"og:image\" content=\"https:\/\/irprout.it\/wp-content\/uploads\/2024\/02\/Foto-Parma-1a.jpeg-1.jpg\" \/>\n<meta name=\"author\" content=\"Tarcisio Bonotto\" \/>\n<meta name=\"twitter:label1\" content=\"Scritto da\" \/>\n\t<meta name=\"twitter:data1\" content=\"Tarcisio Bonotto\" \/>\n\t<meta name=\"twitter:label2\" content=\"Tempo di lettura stimato\" \/>\n\t<meta name=\"twitter:data2\" content=\"9 minuti\" \/>\n<script type=\"application\/ld+json\" class=\"yoast-schema-graph\">{\"@context\":\"https:\/\/schema.org\",\"@graph\":[{\"@type\":\"Article\",\"@id\":\"https:\/\/irprout.it\/?p=6755#article\",\"isPartOf\":{\"@id\":\"https:\/\/irprout.it\/?p=6755\"},\"author\":{\"name\":\"Tarcisio Bonotto\",\"@id\":\"https:\/\/irprout.it\/#\/schema\/person\/c29256b88f25238a0a5436e1dbe26555\"},\"headline\":\"T\u00e8, Amore e il Mondo\",\"datePublished\":\"2024-02-29T17:32:32+00:00\",\"dateModified\":\"2024-02-29T17:44:58+00:00\",\"mainEntityOfPage\":{\"@id\":\"https:\/\/irprout.it\/?p=6755\"},\"wordCount\":1421,\"publisher\":{\"@id\":\"https:\/\/irprout.it\/#organization\"},\"image\":{\"@id\":\"https:\/\/irprout.it\/?p=6755#primaryimage\"},\"thumbnailUrl\":\"https:\/\/irprout.it\/wp-content\/uploads\/2024\/02\/Foto-Parma-1a.jpeg-1.jpg\",\"articleSection\":[\"Eventi\",\"Lingue\",\"Mondo\",\"Ricerca sociale\",\"Societ\u00e0\"],\"inLanguage\":\"it-IT\"},{\"@type\":\"WebPage\",\"@id\":\"https:\/\/irprout.it\/?p=6755\",\"url\":\"https:\/\/irprout.it\/?p=6755\",\"name\":\"T\u00e8, Amore e il Mondo - Istituto di Ricerca Prout\",\"isPartOf\":{\"@id\":\"https:\/\/irprout.it\/#website\"},\"primaryImageOfPage\":{\"@id\":\"https:\/\/irprout.it\/?p=6755#primaryimage\"},\"image\":{\"@id\":\"https:\/\/irprout.it\/?p=6755#primaryimage\"},\"thumbnailUrl\":\"https:\/\/irprout.it\/wp-content\/uploads\/2024\/02\/Foto-Parma-1a.jpeg-1.jpg\",\"datePublished\":\"2024-02-29T17:32:32+00:00\",\"dateModified\":\"2024-02-29T17:44:58+00:00\",\"breadcrumb\":{\"@id\":\"https:\/\/irprout.it\/?p=6755#breadcrumb\"},\"inLanguage\":\"it-IT\",\"potentialAction\":[{\"@type\":\"ReadAction\",\"target\":[\"https:\/\/irprout.it\/?p=6755\"]}]},{\"@type\":\"ImageObject\",\"inLanguage\":\"it-IT\",\"@id\":\"https:\/\/irprout.it\/?p=6755#primaryimage\",\"url\":\"https:\/\/irprout.it\/wp-content\/uploads\/2024\/02\/Foto-Parma-1a.jpeg-1.jpg\",\"contentUrl\":\"https:\/\/irprout.it\/wp-content\/uploads\/2024\/02\/Foto-Parma-1a.jpeg-1.jpg\"},{\"@type\":\"BreadcrumbList\",\"@id\":\"https:\/\/irprout.it\/?p=6755#breadcrumb\",\"itemListElement\":[{\"@type\":\"ListItem\",\"position\":1,\"name\":\"Home\",\"item\":\"https:\/\/irprout.it\/\"},{\"@type\":\"ListItem\",\"position\":2,\"name\":\"T\u00e8, Amore e il Mondo\"}]},{\"@type\":\"WebSite\",\"@id\":\"https:\/\/irprout.it\/#website\",\"url\":\"https:\/\/irprout.it\/\",\"name\":\"Istituto di Ricerca Prout\",\"description\":\"Istituto di Ricerca Prout\",\"publisher\":{\"@id\":\"https:\/\/irprout.it\/#organization\"},\"potentialAction\":[{\"@type\":\"SearchAction\",\"target\":{\"@type\":\"EntryPoint\",\"urlTemplate\":\"https:\/\/irprout.it\/?s={search_term_string}\"},\"query-input\":{\"@type\":\"PropertyValueSpecification\",\"valueRequired\":true,\"valueName\":\"search_term_string\"}}],\"inLanguage\":\"it-IT\"},{\"@type\":\"Organization\",\"@id\":\"https:\/\/irprout.it\/#organization\",\"name\":\"Istituto di Ricerca Prout\",\"url\":\"https:\/\/irprout.it\/\",\"logo\":{\"@type\":\"ImageObject\",\"inLanguage\":\"it-IT\",\"@id\":\"https:\/\/irprout.it\/#\/schema\/logo\/image\/\",\"url\":\"http:\/\/irprout.it\/wp-content\/uploads\/2014\/10\/logo_IRP_albero300Cor.jpg\",\"contentUrl\":\"http:\/\/irprout.it\/wp-content\/uploads\/2014\/10\/logo_IRP_albero300Cor.jpg\",\"width\":303,\"height\":304,\"caption\":\"Istituto di Ricerca Prout\"},\"image\":{\"@id\":\"https:\/\/irprout.it\/#\/schema\/logo\/image\/\"}},{\"@type\":\"Person\",\"@id\":\"https:\/\/irprout.it\/#\/schema\/person\/c29256b88f25238a0a5436e1dbe26555\",\"name\":\"Tarcisio Bonotto\",\"image\":{\"@type\":\"ImageObject\",\"inLanguage\":\"it-IT\",\"@id\":\"https:\/\/irprout.it\/#\/schema\/person\/image\/\",\"url\":\"https:\/\/secure.gravatar.com\/avatar\/8a341cc2c6188834b6220892d8c7f44835b971a191e4b4c7f0bdcf998648bf79?s=96&d=mm&r=g\",\"contentUrl\":\"https:\/\/secure.gravatar.com\/avatar\/8a341cc2c6188834b6220892d8c7f44835b971a191e4b4c7f0bdcf998648bf79?s=96&d=mm&r=g\",\"caption\":\"Tarcisio Bonotto\"},\"sameAs\":[\"http:\/\/irprout.it,www.prout.it\",\"https:\/\/it-it.facebook.com\/IRPROUT\",\"https:\/\/x.com\/#tarcisio.bonotto\"],\"url\":\"https:\/\/irprout.it\/?author=3\"}]}<\/script>\n<!-- \/ Yoast SEO plugin. -->","yoast_head_json":{"title":"T\u00e8, Amore e il Mondo - Istituto di Ricerca Prout","robots":{"index":"index","follow":"follow","max-snippet":"max-snippet:-1","max-image-preview":"max-image-preview:large","max-video-preview":"max-video-preview:-1"},"canonical":"https:\/\/irprout.it\/?p=6755","og_locale":"it_IT","og_type":"article","og_title":"T\u00e8, Amore e il Mondo - Istituto di Ricerca Prout","og_description":"[vc_row][vc_column][vc_custom_heading text=&#8221;T\u00e8, Amore e il Mondo&#8221; font_container=&#8221;tag:h1|text_align:left|color:%23333333&#8243; google_fonts=&#8221;font_family:Anton%3Aregular|font_style:400%20regular%3A400%3Anormal&#8221;][\/vc_column][\/vc_row][vc_row][vc_column][vc_separator color=&#8221;green&#8221; style=&#8221;shadow&#8221; border_width=&#8221;3&#8243; css=&#8221;.vc_custom_1709223116129{margin-top: -10px !important;}&#8221;][\/vc_column][\/vc_row][vc_row][vc_column][vc_column_text css=&#8221;.vc_custom_1709223615586{padding-top: 10px !important;padding-right: 15px !important;padding-bottom: 10px !important;padding-left: 15px !important;background-color: #e8e8e8 !important;}&#8221;]Evento organizzato dall&#8217;Ass.ne ESPERANTISTI &#8220;Giorgio Canuto&#8221; di Parma. In giro per il Mondo: come si prepara il Th\u00e8, le bandiere, le lingue, le espressioni culturali. Un &hellip; Continua a leggere","og_url":"https:\/\/irprout.it\/?p=6755","og_site_name":"Istituto di Ricerca Prout","article_author":"https:\/\/it-it.facebook.com\/IRPROUT","article_published_time":"2024-02-29T17:32:32+00:00","article_modified_time":"2024-02-29T17:44:58+00:00","og_image":[{"url":"https:\/\/irprout.it\/wp-content\/uploads\/2024\/02\/Foto-Parma-1a.jpeg-1.jpg","type":"","width":"","height":""}],"author":"Tarcisio Bonotto","twitter_misc":{"Scritto da":"Tarcisio Bonotto","Tempo di lettura stimato":"9 minuti"},"schema":{"@context":"https:\/\/schema.org","@graph":[{"@type":"Article","@id":"https:\/\/irprout.it\/?p=6755#article","isPartOf":{"@id":"https:\/\/irprout.it\/?p=6755"},"author":{"name":"Tarcisio Bonotto","@id":"https:\/\/irprout.it\/#\/schema\/person\/c29256b88f25238a0a5436e1dbe26555"},"headline":"T\u00e8, Amore e il Mondo","datePublished":"2024-02-29T17:32:32+00:00","dateModified":"2024-02-29T17:44:58+00:00","mainEntityOfPage":{"@id":"https:\/\/irprout.it\/?p=6755"},"wordCount":1421,"publisher":{"@id":"https:\/\/irprout.it\/#organization"},"image":{"@id":"https:\/\/irprout.it\/?p=6755#primaryimage"},"thumbnailUrl":"https:\/\/irprout.it\/wp-content\/uploads\/2024\/02\/Foto-Parma-1a.jpeg-1.jpg","articleSection":["Eventi","Lingue","Mondo","Ricerca sociale","Societ\u00e0"],"inLanguage":"it-IT"},{"@type":"WebPage","@id":"https:\/\/irprout.it\/?p=6755","url":"https:\/\/irprout.it\/?p=6755","name":"T\u00e8, Amore e il Mondo - Istituto di Ricerca Prout","isPartOf":{"@id":"https:\/\/irprout.it\/#website"},"primaryImageOfPage":{"@id":"https:\/\/irprout.it\/?p=6755#primaryimage"},"image":{"@id":"https:\/\/irprout.it\/?p=6755#primaryimage"},"thumbnailUrl":"https:\/\/irprout.it\/wp-content\/uploads\/2024\/02\/Foto-Parma-1a.jpeg-1.jpg","datePublished":"2024-02-29T17:32:32+00:00","dateModified":"2024-02-29T17:44:58+00:00","breadcrumb":{"@id":"https:\/\/irprout.it\/?p=6755#breadcrumb"},"inLanguage":"it-IT","potentialAction":[{"@type":"ReadAction","target":["https:\/\/irprout.it\/?p=6755"]}]},{"@type":"ImageObject","inLanguage":"it-IT","@id":"https:\/\/irprout.it\/?p=6755#primaryimage","url":"https:\/\/irprout.it\/wp-content\/uploads\/2024\/02\/Foto-Parma-1a.jpeg-1.jpg","contentUrl":"https:\/\/irprout.it\/wp-content\/uploads\/2024\/02\/Foto-Parma-1a.jpeg-1.jpg"},{"@type":"BreadcrumbList","@id":"https:\/\/irprout.it\/?p=6755#breadcrumb","itemListElement":[{"@type":"ListItem","position":1,"name":"Home","item":"https:\/\/irprout.it\/"},{"@type":"ListItem","position":2,"name":"T\u00e8, Amore e il Mondo"}]},{"@type":"WebSite","@id":"https:\/\/irprout.it\/#website","url":"https:\/\/irprout.it\/","name":"Istituto di Ricerca Prout","description":"Istituto di Ricerca Prout","publisher":{"@id":"https:\/\/irprout.it\/#organization"},"potentialAction":[{"@type":"SearchAction","target":{"@type":"EntryPoint","urlTemplate":"https:\/\/irprout.it\/?s={search_term_string}"},"query-input":{"@type":"PropertyValueSpecification","valueRequired":true,"valueName":"search_term_string"}}],"inLanguage":"it-IT"},{"@type":"Organization","@id":"https:\/\/irprout.it\/#organization","name":"Istituto di Ricerca Prout","url":"https:\/\/irprout.it\/","logo":{"@type":"ImageObject","inLanguage":"it-IT","@id":"https:\/\/irprout.it\/#\/schema\/logo\/image\/","url":"http:\/\/irprout.it\/wp-content\/uploads\/2014\/10\/logo_IRP_albero300Cor.jpg","contentUrl":"http:\/\/irprout.it\/wp-content\/uploads\/2014\/10\/logo_IRP_albero300Cor.jpg","width":303,"height":304,"caption":"Istituto di Ricerca Prout"},"image":{"@id":"https:\/\/irprout.it\/#\/schema\/logo\/image\/"}},{"@type":"Person","@id":"https:\/\/irprout.it\/#\/schema\/person\/c29256b88f25238a0a5436e1dbe26555","name":"Tarcisio Bonotto","image":{"@type":"ImageObject","inLanguage":"it-IT","@id":"https:\/\/irprout.it\/#\/schema\/person\/image\/","url":"https:\/\/secure.gravatar.com\/avatar\/8a341cc2c6188834b6220892d8c7f44835b971a191e4b4c7f0bdcf998648bf79?s=96&d=mm&r=g","contentUrl":"https:\/\/secure.gravatar.com\/avatar\/8a341cc2c6188834b6220892d8c7f44835b971a191e4b4c7f0bdcf998648bf79?s=96&d=mm&r=g","caption":"Tarcisio Bonotto"},"sameAs":["http:\/\/irprout.it,www.prout.it","https:\/\/it-it.facebook.com\/IRPROUT","https:\/\/x.com\/#tarcisio.bonotto"],"url":"https:\/\/irprout.it\/?author=3"}]}},"_links":{"self":[{"href":"https:\/\/irprout.it\/index.php?rest_route=\/wp\/v2\/posts\/6755","targetHints":{"allow":["GET"]}}],"collection":[{"href":"https:\/\/irprout.it\/index.php?rest_route=\/wp\/v2\/posts"}],"about":[{"href":"https:\/\/irprout.it\/index.php?rest_route=\/wp\/v2\/types\/post"}],"author":[{"embeddable":true,"href":"https:\/\/irprout.it\/index.php?rest_route=\/wp\/v2\/users\/3"}],"replies":[{"embeddable":true,"href":"https:\/\/irprout.it\/index.php?rest_route=%2Fwp%2Fv2%2Fcomments&post=6755"}],"version-history":[{"count":11,"href":"https:\/\/irprout.it\/index.php?rest_route=\/wp\/v2\/posts\/6755\/revisions"}],"predecessor-version":[{"id":6782,"href":"https:\/\/irprout.it\/index.php?rest_route=\/wp\/v2\/posts\/6755\/revisions\/6782"}],"wp:attachment":[{"href":"https:\/\/irprout.it\/index.php?rest_route=%2Fwp%2Fv2%2Fmedia&parent=6755"}],"wp:term":[{"taxonomy":"category","embeddable":true,"href":"https:\/\/irprout.it\/index.php?rest_route=%2Fwp%2Fv2%2Fcategories&post=6755"},{"taxonomy":"post_tag","embeddable":true,"href":"https:\/\/irprout.it\/index.php?rest_route=%2Fwp%2Fv2%2Ftags&post=6755"}],"curies":[{"name":"wp","href":"https:\/\/api.w.org\/{rel}","templated":true}]}}