{"id":6830,"date":"2024-07-09T17:29:33","date_gmt":"2024-07-09T16:29:33","guid":{"rendered":"https:\/\/irprout.it\/?p=6830"},"modified":"2024-07-09T17:32:09","modified_gmt":"2024-07-09T16:32:09","slug":"6830","status":"publish","type":"post","link":"https:\/\/irprout.it\/?p=6830","title":{"rendered":"IRP e AI Al Ministero dell&#8217;Agricoltura"},"content":{"rendered":"<div class=\"wpb-content-wrapper\"><p>[vc_row][vc_column][vc_empty_space][\/vc_column][\/vc_row][vc_row][vc_column][vc_custom_heading text=&#8221;Invito al Ministero dell&#8217;Agricoltura&#8221; font_container=&#8221;tag:h1|text_align:left|color:%234c4c4c&#8221; google_fonts=&#8221;font_family:Anton%3Aregular|font_style:400%20regular%3A400%3Anormal&#8221; css=&#8221;&#8221;][\/vc_column][\/vc_row][vc_row][vc_column][vc_custom_heading text=&#8221;Istituto di Ricerca PROUT, nella figura di Tarcisio Bonotto, \u00e8 stato invitato dall&#8217;ass.ne Agricoltori Italiani ad un incontro con il Sottosegretario all&#8217;Agricoltura Patrizio Giacomo La Pietra, al Ministero dell&#8217;Agricoltura.&#8221; font_container=&#8221;tag:h3|text_align:left|color:%23474747&#8243; google_fonts=&#8221;font_family:Alegreya%20Sans%3A100%2C100italic%2C300%2C300italic%2Cregular%2Citalic%2C500%2C500italic%2C700%2C700italic%2C800%2C800italic%2C900%2C900italic|font_style:400%20regular%3A400%3Anormal&#8221; css=&#8221;&#8221;][\/vc_column][\/vc_row][vc_row][vc_column][vc_separator color=&#8221;green&#8221; style=&#8221;shadow&#8221; border_width=&#8221;2&#8243; css=&#8221;&#8221;][\/vc_column][\/vc_row][vc_row][vc_column][vc_column_text css=&#8221;&#8221;]<span style=\"font-size: 14px;\"><em>7 giugno 2024 -TB<\/em><\/span><\/p>\n<p>Temi dell&#8217;incontro relazione del Sottosegretario sugli sviluppi del Decreto Legge Agricoltura, e nostre proposte su alcuni punti cruciali sottolineati dalle recenti proteste degli agricoltori in Italia, e per lo sviluppo dell&#8217;Agricoltura.<\/p>\n<ol>\n<li><strong><span style=\"color: #093dad;\">I costi di produzione rilevati e i prezzi fissati da ISEMA, troppo bassi per i prodotti agricoli<\/span><\/strong><\/li>\n<li><strong><span style=\"color: #093dad;\">Conseguente Moratoria sull&#8217;indebitamento delle aziende<\/span><\/strong><\/li>\n<li><strong><span style=\"color: #093dad;\">Metodologie per la conservazione dell&#8217;acqua piovana e di superficie per l&#8217;irrigazione<\/span><\/strong><\/li>\n<li><strong><span style=\"color: #093dad;\">L&#8217;emendamento &#8220;Granaio Italia&#8221;, depennato dal DL Agricoltura<\/span><\/strong><\/li>\n<li><strong><span style=\"color: #093dad;\">L&#8217;annosa questione delle Quote Latte: possiamo provare che l&#8217;Italia non ha mai superato la Quota fissata.<\/span><\/strong><\/li>\n<\/ol>\n<p>&nbsp;<\/p>\n<p>Erano presenti:<\/p>\n<ol>\n<li><strong>Dott.ssa Caterina Stevani<\/strong>, economista, commercialista e portavoce di AI<\/li>\n<li><strong>Avv.to Alessandro Diotallevi<\/strong>, rappresentante dell&#8217;Ass.ne &#8220;Latte, Persona e Territorio&#8221;<\/li>\n<li><strong>Tarcisio Bonotto<\/strong>, rappresentante per Istituto di Ricerca PROUT<\/li>\n<li>Inoltre <strong>Georg Gallmetzer<\/strong>, capo tecnico di AI, Rudi Stoppato Presidente AI, Veneto, &#8230;<\/li>\n<\/ol>\n<p>&nbsp;<\/p>\n<p>La <strong>dott.ssa Caterina Stevani ha presentato la situazione del Decreto Legge Agricoltura<\/strong>, in particolare relativa all&#8217;Art. 4, che riguarda i Costi di Produzione (CdP) delle aziende agricole e i relativi prezzi di vendita dei prodotti agricoli. Ha sottolineato come l&#8217;<strong>emendamento<\/strong> <strong>Granaio Italia<\/strong> sia sparito dal DL e possa ritornavi presto. Il sottosegretario La Pietra ha sottolineato che sarebbe necessario riscriverlo. A questo punto l&#8217;<strong>avv.to Diotallevi si \u00e8 offerto di riscrivere l&#8217;emendamento come proposta<\/strong>. Accettato.<\/p>\n<p>Per i <strong>Costi di Produzione, Tarcisio Bonotto ha presentato uno studio<\/strong>, specifico per il momento, sui <strong>CdP<\/strong> del latte da bilancio di alcune aziende srl. Il risultato finale \u00e8 che il CdP calcolato da ISMEA, per il latte alla stalla \u00e8 di circa 10-15,5% inferiore. Abbiamo consegnato un opuscolo di 28 pagine (protocollato) che attesta ci\u00f2 con la proposta di calcolare il costo medio &#8220;<strong>ponderato<\/strong>&#8221; di produzione a livello provinciale, invece che &#8220;costo medio regionale&#8221;, per maggiore omogeneit\u00e0 delle aziende.<\/p>\n<p>Inoltre \u00e8 stata proposta da <strong>Ezio &#8230;, Tecnico per AI della Calabria, la costruzione di piccoli invasi aziendali<\/strong>, per la conservazione dell&#8217;acqua, utilizzando i fondi del PNRR. Il sottosegretario La Pietra, ha negato la possibilit\u00e0, perch\u00e9 i fondi sono gi\u00e0 stati stanziati e non si pu\u00f2 modificarne la destinazione d&#8217;uso.<\/p>\n<p><strong>Tarcisio Bonotto \u00e8 intervenuto proponendo migliaia di invasi per le aziende agricole<\/strong>, in relazione alla loro estensione, sulla base di esperienze realizzate in Madhya Pradesh, India, dove sono stati realizzati 5.000 invasi anche di 1 ettaro di superficie per 3mt di profondit\u00e0 e di Ananda Nagar (India), dove dopo la costruzione di sbarramenti sui fiumi, si sono formati numerosi laghetti, \u00e8 letteralmente scoppiato il verde sulle rive e le falde acquifere si sono alzate. Ci si \u00e8 accorti che 1 ettaro di invaso poteva irrigare 10 ettari di colture per tutto l&#8217;anno.&nbsp;<\/p>\n<p>Anche l&#8217;economia ha fatto dei passi da gigante, per la disponibilit\u00e0 di prodotti agricoli tutto l&#8217;anno.<\/p>\n<p>Tarcisio Bonotto ha chiesto al sottosegretario La Pietra, se per caso il <strong>Ministero potesse dare delle indicazioni ai Consorzi di Bonifica sul progetto di invasi decentrati<\/strong> sul territorio, nelle aziende agricole, in modo tale da avere disponibilit\u00e0 immediata di acqua di irrigazione e possibilit\u00e0 di contenere le piene dei fiumi.<\/p>\n<p>Il sottosegretario ci ha indicato di rivolgerci al Commissario italiano per la gestione dell&#8217;acqua, Dott. <b>Nicola Dell&#8217;Acqua,<\/b> nominato Commissario Straordinario nazionale per l&#8217;adozione di interventi urgenti connessi al fenomeno della scarsit\u00e0 idrica con DPCM 4 maggio 2023.<\/p>\n<p><strong>La dott.ssa Caterina Stevani, ha rilevato delle problematiche fiscali relative prestiti agli agricoltori,<\/strong> di cui il sottosegretario ha prontamente preso nota per apportare le dovute modifiche.<\/p>\n<p><strong>L&#8217;avv.to Alessandro Diotallevi ha presentato l&#8217;annoso problema delle Quote Latte e delle relative Multe<\/strong> per gli allevatori, chiedendo un &#8220;condono tombale&#8221;, non tanto per gli allevatori\/trici, ma per i funzionari pubblici che hanno truffato sulle Quote Latte, informando che siamo in grado di provare che l&#8217;Italia non ha mai superato la Quota stabilita dalla UE, di 8,9 milioni di ton\/anno di latte.&nbsp;<\/p>\n<p><strong>Rudy Stoppato ha presentato l&#8217;idea, da tempo utilizzata ma non a sufficienza, della certificazione assoluta dei prodotti agricoli con l&#8217;uso della tecnologia nMR<\/strong> (Risonanza Magnetica Nucleare), che identifica tutte le molecole componenti il prodotto e pu\u00f2 localizzarne al provenienza.<\/p>\n<p>L&#8217;incontro \u00e8 stato costruttivo, cordiale.[\/vc_column_text][\/vc_column][\/vc_row][vc_row][vc_column][vc_single_image image=&#8221;6836&#8243; img_size=&#8221;full&#8221; alignment=&#8221;center&#8221; style=&#8221;vc_box_border&#8221; border_color=&#8221;chino&#8221; css=&#8221;&#8221;][\/vc_column][\/vc_row]<\/p>\n<\/div>","protected":false},"excerpt":{"rendered":"<p>[vc_row][vc_column][vc_empty_space][\/vc_column][\/vc_row][vc_row][vc_column][vc_custom_heading text=&#8221;Invito al Ministero dell&#8217;Agricoltura&#8221; font_container=&#8221;tag:h1|text_align:left|color:%234c4c4c&#8221; google_fonts=&#8221;font_family:Anton%3Aregular|font_style:400%20regular%3A400%3Anormal&#8221; css=&#8221;&#8221;][\/vc_column][\/vc_row][vc_row][vc_column][vc_custom_heading text=&#8221;Istituto di Ricerca PROUT, nella figura di Tarcisio Bonotto, \u00e8 stato invitato dall&#8217;ass.ne Agricoltori Italiani ad un incontro con il Sottosegretario all&#8217;Agricoltura Patrizio Giacomo La Pietra, al Ministero dell&#8217;Agricoltura.&#8221; font_container=&#8221;tag:h3|text_align:left|color:%23474747&#8243; google_fonts=&#8221;font_family:Alegreya%20Sans%3A100%2C100italic%2C300%2C300italic%2Cregular%2Citalic%2C500%2C500italic%2C700%2C700italic%2C800%2C800italic%2C900%2C900italic|font_style:400%20regular%3A400%3Anormal&#8221; css=&#8221;&#8221;][\/vc_column][\/vc_row][vc_row][vc_column][vc_separator color=&#8221;green&#8221; style=&#8221;shadow&#8221; border_width=&#8221;2&#8243; css=&#8221;&#8221;][\/vc_column][\/vc_row][vc_row][vc_column][vc_column_text css=&#8221;&#8221;]7 giugno 2024 -TB Temi dell&#8217;incontro <span class=\"excerpt-dots\">&hellip;<\/span> <a class=\"more-link\" href=\"https:\/\/irprout.it\/?p=6830\"><span class=\"more-msg\">Continua a leggere<\/span><\/a><\/p>\n","protected":false},"author":3,"featured_media":0,"comment_status":"closed","ping_status":"closed","sticky":false,"template":"","format":"standard","meta":{"ngg_post_thumbnail":0,"footnotes":""},"categories":[1],"tags":[],"class_list":["post-6830","post","type-post","status-publish","format-standard","hentry","category-uncategorized"],"yoast_head":"<!-- This site is optimized with the Yoast SEO plugin v26.6 - https:\/\/yoast.com\/wordpress\/plugins\/seo\/ -->\n<title>IRP e AI Al Ministero dell&#039;Agricoltura - Istituto di Ricerca Prout<\/title>\n<meta name=\"robots\" content=\"index, follow, max-snippet:-1, max-image-preview:large, max-video-preview:-1\" \/>\n<link rel=\"canonical\" href=\"https:\/\/irprout.it\/?p=6830\" \/>\n<meta property=\"og:locale\" content=\"it_IT\" \/>\n<meta property=\"og:type\" content=\"article\" \/>\n<meta property=\"og:title\" content=\"IRP e AI Al Ministero dell&#039;Agricoltura - Istituto di Ricerca Prout\" \/>\n<meta property=\"og:description\" content=\"[vc_row][vc_column][vc_empty_space][\/vc_column][\/vc_row][vc_row][vc_column][vc_custom_heading text=&#8221;Invito al Ministero dell&#8217;Agricoltura&#8221; font_container=&#8221;tag:h1|text_align:left|color:%234c4c4c&#8221; google_fonts=&#8221;font_family:Anton%3Aregular|font_style:400%20regular%3A400%3Anormal&#8221; css=&#8221;&#8221;][\/vc_column][\/vc_row][vc_row][vc_column][vc_custom_heading text=&#8221;Istituto di Ricerca PROUT, nella figura di Tarcisio Bonotto, \u00e8 stato invitato dall&#8217;ass.ne Agricoltori Italiani ad un incontro con il Sottosegretario all&#8217;Agricoltura Patrizio Giacomo La Pietra, al Ministero dell&#8217;Agricoltura.&#8221; font_container=&#8221;tag:h3|text_align:left|color:%23474747&#8243; google_fonts=&#8221;font_family:Alegreya%20Sans%3A100%2C100italic%2C300%2C300italic%2Cregular%2Citalic%2C500%2C500italic%2C700%2C700italic%2C800%2C800italic%2C900%2C900italic|font_style:400%20regular%3A400%3Anormal&#8221; css=&#8221;&#8221;][\/vc_column][\/vc_row][vc_row][vc_column][vc_separator color=&#8221;green&#8221; style=&#8221;shadow&#8221; border_width=&#8221;2&#8243; css=&#8221;&#8221;][\/vc_column][\/vc_row][vc_row][vc_column][vc_column_text css=&#8221;&#8221;]7 giugno 2024 -TB Temi dell&#8217;incontro &hellip; Continua a leggere\" \/>\n<meta property=\"og:url\" content=\"https:\/\/irprout.it\/?p=6830\" \/>\n<meta property=\"og:site_name\" content=\"Istituto di Ricerca Prout\" \/>\n<meta property=\"article:author\" content=\"https:\/\/it-it.facebook.com\/IRPROUT\" \/>\n<meta property=\"article:published_time\" content=\"2024-07-09T16:29:33+00:00\" \/>\n<meta property=\"article:modified_time\" content=\"2024-07-09T16:32:09+00:00\" \/>\n<meta name=\"author\" content=\"Tarcisio Bonotto\" \/>\n<meta name=\"twitter:label1\" content=\"Scritto da\" \/>\n\t<meta name=\"twitter:data1\" content=\"Tarcisio Bonotto\" \/>\n\t<meta name=\"twitter:label2\" content=\"Tempo di lettura stimato\" \/>\n\t<meta name=\"twitter:data2\" content=\"5 minuti\" \/>\n<script type=\"application\/ld+json\" class=\"yoast-schema-graph\">{\"@context\":\"https:\/\/schema.org\",\"@graph\":[{\"@type\":\"Article\",\"@id\":\"https:\/\/irprout.it\/?p=6830#article\",\"isPartOf\":{\"@id\":\"https:\/\/irprout.it\/?p=6830\"},\"author\":{\"name\":\"Tarcisio Bonotto\",\"@id\":\"https:\/\/irprout.it\/#\/schema\/person\/c29256b88f25238a0a5436e1dbe26555\"},\"headline\":\"IRP e AI Al Ministero dell&#8217;Agricoltura\",\"datePublished\":\"2024-07-09T16:29:33+00:00\",\"dateModified\":\"2024-07-09T16:32:09+00:00\",\"mainEntityOfPage\":{\"@id\":\"https:\/\/irprout.it\/?p=6830\"},\"wordCount\":881,\"publisher\":{\"@id\":\"https:\/\/irprout.it\/#organization\"},\"articleSection\":[\"Uncategorized\"],\"inLanguage\":\"it-IT\"},{\"@type\":\"WebPage\",\"@id\":\"https:\/\/irprout.it\/?p=6830\",\"url\":\"https:\/\/irprout.it\/?p=6830\",\"name\":\"IRP e AI Al Ministero dell'Agricoltura - Istituto di Ricerca Prout\",\"isPartOf\":{\"@id\":\"https:\/\/irprout.it\/#website\"},\"datePublished\":\"2024-07-09T16:29:33+00:00\",\"dateModified\":\"2024-07-09T16:32:09+00:00\",\"breadcrumb\":{\"@id\":\"https:\/\/irprout.it\/?p=6830#breadcrumb\"},\"inLanguage\":\"it-IT\",\"potentialAction\":[{\"@type\":\"ReadAction\",\"target\":[\"https:\/\/irprout.it\/?p=6830\"]}]},{\"@type\":\"BreadcrumbList\",\"@id\":\"https:\/\/irprout.it\/?p=6830#breadcrumb\",\"itemListElement\":[{\"@type\":\"ListItem\",\"position\":1,\"name\":\"Home\",\"item\":\"https:\/\/irprout.it\/\"},{\"@type\":\"ListItem\",\"position\":2,\"name\":\"IRP e AI Al Ministero dell&#8217;Agricoltura\"}]},{\"@type\":\"WebSite\",\"@id\":\"https:\/\/irprout.it\/#website\",\"url\":\"https:\/\/irprout.it\/\",\"name\":\"Istituto di Ricerca Prout\",\"description\":\"Istituto di Ricerca Prout\",\"publisher\":{\"@id\":\"https:\/\/irprout.it\/#organization\"},\"potentialAction\":[{\"@type\":\"SearchAction\",\"target\":{\"@type\":\"EntryPoint\",\"urlTemplate\":\"https:\/\/irprout.it\/?s={search_term_string}\"},\"query-input\":{\"@type\":\"PropertyValueSpecification\",\"valueRequired\":true,\"valueName\":\"search_term_string\"}}],\"inLanguage\":\"it-IT\"},{\"@type\":\"Organization\",\"@id\":\"https:\/\/irprout.it\/#organization\",\"name\":\"Istituto di Ricerca Prout\",\"url\":\"https:\/\/irprout.it\/\",\"logo\":{\"@type\":\"ImageObject\",\"inLanguage\":\"it-IT\",\"@id\":\"https:\/\/irprout.it\/#\/schema\/logo\/image\/\",\"url\":\"http:\/\/irprout.it\/wp-content\/uploads\/2014\/10\/logo_IRP_albero300Cor.jpg\",\"contentUrl\":\"http:\/\/irprout.it\/wp-content\/uploads\/2014\/10\/logo_IRP_albero300Cor.jpg\",\"width\":303,\"height\":304,\"caption\":\"Istituto di Ricerca Prout\"},\"image\":{\"@id\":\"https:\/\/irprout.it\/#\/schema\/logo\/image\/\"}},{\"@type\":\"Person\",\"@id\":\"https:\/\/irprout.it\/#\/schema\/person\/c29256b88f25238a0a5436e1dbe26555\",\"name\":\"Tarcisio Bonotto\",\"image\":{\"@type\":\"ImageObject\",\"inLanguage\":\"it-IT\",\"@id\":\"https:\/\/irprout.it\/#\/schema\/person\/image\/\",\"url\":\"https:\/\/secure.gravatar.com\/avatar\/8a341cc2c6188834b6220892d8c7f44835b971a191e4b4c7f0bdcf998648bf79?s=96&d=mm&r=g\",\"contentUrl\":\"https:\/\/secure.gravatar.com\/avatar\/8a341cc2c6188834b6220892d8c7f44835b971a191e4b4c7f0bdcf998648bf79?s=96&d=mm&r=g\",\"caption\":\"Tarcisio Bonotto\"},\"sameAs\":[\"http:\/\/irprout.it,www.prout.it\",\"https:\/\/it-it.facebook.com\/IRPROUT\",\"https:\/\/x.com\/#tarcisio.bonotto\"],\"url\":\"https:\/\/irprout.it\/?author=3\"}]}<\/script>\n<!-- \/ Yoast SEO plugin. -->","yoast_head_json":{"title":"IRP e AI Al Ministero dell'Agricoltura - Istituto di Ricerca Prout","robots":{"index":"index","follow":"follow","max-snippet":"max-snippet:-1","max-image-preview":"max-image-preview:large","max-video-preview":"max-video-preview:-1"},"canonical":"https:\/\/irprout.it\/?p=6830","og_locale":"it_IT","og_type":"article","og_title":"IRP e AI Al Ministero dell'Agricoltura - Istituto di Ricerca Prout","og_description":"[vc_row][vc_column][vc_empty_space][\/vc_column][\/vc_row][vc_row][vc_column][vc_custom_heading text=&#8221;Invito al Ministero dell&#8217;Agricoltura&#8221; font_container=&#8221;tag:h1|text_align:left|color:%234c4c4c&#8221; google_fonts=&#8221;font_family:Anton%3Aregular|font_style:400%20regular%3A400%3Anormal&#8221; css=&#8221;&#8221;][\/vc_column][\/vc_row][vc_row][vc_column][vc_custom_heading text=&#8221;Istituto di Ricerca PROUT, nella figura di Tarcisio Bonotto, \u00e8 stato invitato dall&#8217;ass.ne Agricoltori Italiani ad un incontro con il Sottosegretario all&#8217;Agricoltura Patrizio Giacomo La Pietra, al Ministero dell&#8217;Agricoltura.&#8221; font_container=&#8221;tag:h3|text_align:left|color:%23474747&#8243; google_fonts=&#8221;font_family:Alegreya%20Sans%3A100%2C100italic%2C300%2C300italic%2Cregular%2Citalic%2C500%2C500italic%2C700%2C700italic%2C800%2C800italic%2C900%2C900italic|font_style:400%20regular%3A400%3Anormal&#8221; css=&#8221;&#8221;][\/vc_column][\/vc_row][vc_row][vc_column][vc_separator color=&#8221;green&#8221; style=&#8221;shadow&#8221; border_width=&#8221;2&#8243; css=&#8221;&#8221;][\/vc_column][\/vc_row][vc_row][vc_column][vc_column_text css=&#8221;&#8221;]7 giugno 2024 -TB Temi dell&#8217;incontro &hellip; Continua a leggere","og_url":"https:\/\/irprout.it\/?p=6830","og_site_name":"Istituto di Ricerca Prout","article_author":"https:\/\/it-it.facebook.com\/IRPROUT","article_published_time":"2024-07-09T16:29:33+00:00","article_modified_time":"2024-07-09T16:32:09+00:00","author":"Tarcisio Bonotto","twitter_misc":{"Scritto da":"Tarcisio Bonotto","Tempo di lettura stimato":"5 minuti"},"schema":{"@context":"https:\/\/schema.org","@graph":[{"@type":"Article","@id":"https:\/\/irprout.it\/?p=6830#article","isPartOf":{"@id":"https:\/\/irprout.it\/?p=6830"},"author":{"name":"Tarcisio Bonotto","@id":"https:\/\/irprout.it\/#\/schema\/person\/c29256b88f25238a0a5436e1dbe26555"},"headline":"IRP e AI Al Ministero dell&#8217;Agricoltura","datePublished":"2024-07-09T16:29:33+00:00","dateModified":"2024-07-09T16:32:09+00:00","mainEntityOfPage":{"@id":"https:\/\/irprout.it\/?p=6830"},"wordCount":881,"publisher":{"@id":"https:\/\/irprout.it\/#organization"},"articleSection":["Uncategorized"],"inLanguage":"it-IT"},{"@type":"WebPage","@id":"https:\/\/irprout.it\/?p=6830","url":"https:\/\/irprout.it\/?p=6830","name":"IRP e AI Al Ministero dell'Agricoltura - Istituto di Ricerca Prout","isPartOf":{"@id":"https:\/\/irprout.it\/#website"},"datePublished":"2024-07-09T16:29:33+00:00","dateModified":"2024-07-09T16:32:09+00:00","breadcrumb":{"@id":"https:\/\/irprout.it\/?p=6830#breadcrumb"},"inLanguage":"it-IT","potentialAction":[{"@type":"ReadAction","target":["https:\/\/irprout.it\/?p=6830"]}]},{"@type":"BreadcrumbList","@id":"https:\/\/irprout.it\/?p=6830#breadcrumb","itemListElement":[{"@type":"ListItem","position":1,"name":"Home","item":"https:\/\/irprout.it\/"},{"@type":"ListItem","position":2,"name":"IRP e AI Al Ministero dell&#8217;Agricoltura"}]},{"@type":"WebSite","@id":"https:\/\/irprout.it\/#website","url":"https:\/\/irprout.it\/","name":"Istituto di Ricerca Prout","description":"Istituto di Ricerca Prout","publisher":{"@id":"https:\/\/irprout.it\/#organization"},"potentialAction":[{"@type":"SearchAction","target":{"@type":"EntryPoint","urlTemplate":"https:\/\/irprout.it\/?s={search_term_string}"},"query-input":{"@type":"PropertyValueSpecification","valueRequired":true,"valueName":"search_term_string"}}],"inLanguage":"it-IT"},{"@type":"Organization","@id":"https:\/\/irprout.it\/#organization","name":"Istituto di Ricerca Prout","url":"https:\/\/irprout.it\/","logo":{"@type":"ImageObject","inLanguage":"it-IT","@id":"https:\/\/irprout.it\/#\/schema\/logo\/image\/","url":"http:\/\/irprout.it\/wp-content\/uploads\/2014\/10\/logo_IRP_albero300Cor.jpg","contentUrl":"http:\/\/irprout.it\/wp-content\/uploads\/2014\/10\/logo_IRP_albero300Cor.jpg","width":303,"height":304,"caption":"Istituto di Ricerca Prout"},"image":{"@id":"https:\/\/irprout.it\/#\/schema\/logo\/image\/"}},{"@type":"Person","@id":"https:\/\/irprout.it\/#\/schema\/person\/c29256b88f25238a0a5436e1dbe26555","name":"Tarcisio Bonotto","image":{"@type":"ImageObject","inLanguage":"it-IT","@id":"https:\/\/irprout.it\/#\/schema\/person\/image\/","url":"https:\/\/secure.gravatar.com\/avatar\/8a341cc2c6188834b6220892d8c7f44835b971a191e4b4c7f0bdcf998648bf79?s=96&d=mm&r=g","contentUrl":"https:\/\/secure.gravatar.com\/avatar\/8a341cc2c6188834b6220892d8c7f44835b971a191e4b4c7f0bdcf998648bf79?s=96&d=mm&r=g","caption":"Tarcisio Bonotto"},"sameAs":["http:\/\/irprout.it,www.prout.it","https:\/\/it-it.facebook.com\/IRPROUT","https:\/\/x.com\/#tarcisio.bonotto"],"url":"https:\/\/irprout.it\/?author=3"}]}},"_links":{"self":[{"href":"https:\/\/irprout.it\/index.php?rest_route=\/wp\/v2\/posts\/6830","targetHints":{"allow":["GET"]}}],"collection":[{"href":"https:\/\/irprout.it\/index.php?rest_route=\/wp\/v2\/posts"}],"about":[{"href":"https:\/\/irprout.it\/index.php?rest_route=\/wp\/v2\/types\/post"}],"author":[{"embeddable":true,"href":"https:\/\/irprout.it\/index.php?rest_route=\/wp\/v2\/users\/3"}],"replies":[{"embeddable":true,"href":"https:\/\/irprout.it\/index.php?rest_route=%2Fwp%2Fv2%2Fcomments&post=6830"}],"version-history":[{"count":8,"href":"https:\/\/irprout.it\/index.php?rest_route=\/wp\/v2\/posts\/6830\/revisions"}],"predecessor-version":[{"id":6839,"href":"https:\/\/irprout.it\/index.php?rest_route=\/wp\/v2\/posts\/6830\/revisions\/6839"}],"wp:attachment":[{"href":"https:\/\/irprout.it\/index.php?rest_route=%2Fwp%2Fv2%2Fmedia&parent=6830"}],"wp:term":[{"taxonomy":"category","embeddable":true,"href":"https:\/\/irprout.it\/index.php?rest_route=%2Fwp%2Fv2%2Fcategories&post=6830"},{"taxonomy":"post_tag","embeddable":true,"href":"https:\/\/irprout.it\/index.php?rest_route=%2Fwp%2Fv2%2Ftags&post=6830"}],"curies":[{"name":"wp","href":"https:\/\/api.w.org\/{rel}","templated":true}]}}