{"id":7061,"date":"2024-08-12T11:48:48","date_gmt":"2024-08-12T10:48:48","guid":{"rendered":"https:\/\/irprout.it\/?p=7061"},"modified":"2024-12-26T11:23:50","modified_gmt":"2024-12-26T10:23:50","slug":"critica-dellambientalismo-puro","status":"publish","type":"post","link":"https:\/\/irprout.it\/?p=7061","title":{"rendered":"Allevamenti intensivi: Critica dell\u2019ambientalismo puro"},"content":{"rendered":"<div class=\"wpb-content-wrapper\"><p>[vc_row css=&#8221;.vc_custom_1723458484205{background-color: #e8edda !important;}&#8221;][vc_column][vc_empty_space css=&#8221;.vc_custom_1723458548581{margin-top: -30px !important;}&#8221;][\/vc_column][\/vc_row][vc_row css=&#8221;.vc_custom_1723458501045{background-color: #e8edda !important;}&#8221;][vc_column][vc_custom_heading text=&#8221;Allevamenti intensivi: Critica dell\u2019ambientalismo puro&#8221; font_container=&#8221;tag:h1|font_size:44|text_align:left|color:%231c5e15&#8243; google_fonts=&#8221;font_family:Anton%3Aregular|font_style:400%20regular%3A400%3Anormal&#8221; css=&#8221;.vc_custom_1723550203876{padding-left: 15px !important;}&#8221;][vc_column_text css=&#8221;.vc_custom_1723549418367{margin-top: -15px !important;padding-left: 15px !important;}&#8221;]<em>11\/08\/2024 &#8211; Tarcisio Bonotto, IRP Staff<\/em>[\/vc_column_text][\/vc_column][\/vc_row][vc_row][vc_column][vc_separator color=&#8221;green&#8221; style=&#8221;shadow&#8221; border_width=&#8221;2&#8243; css=&#8221;.vc_custom_1723458798053{margin-top: -28px !important;}&#8221;][\/vc_column][\/vc_row][vc_row][vc_column width=&#8221;2\/3&#8243;][vc_column_text css=&#8221;.vc_custom_1723458314427{padding-top: 10px !important;padding-right: 15px !important;padding-bottom: 10px !important;padding-left: 15px !important;background-color: #ededed !important;}&#8221;]<span style=\"font-size: 18px; font-family: 'Roboto Condensed', sans-serif;\"><em>Questa analisi si rif\u00e0 alla <strong>\u201cproposta di legge sugli allevamenti intensivi<\/strong>\u201d promossa da diversi\/e deputati\/e, che prevede la riduzione degli animali allevati, la conseguente riduzione dell\u2019inquinamento e dei benefici per la salute. Se alcune analisi e diversi obiettivi risultano condivisibili, vi sono delle imprecisioni e degli errori, ma ci\u00f2 che \u00e8 pi\u00f9 grave \u00e8 il metodo di applicazione delle soluzioni che, nei termini previsti e nel contesto agricolo e socio-economico italiano, rischia di causare una catastrofe. Vediamone i contorni e le possibili alternative.<\/em><\/span>[\/vc_column_text][\/vc_column][vc_column width=&#8221;1\/3&#8243;][vc_single_image image=&#8221;7049&#8243; img_size=&#8221;full&#8221; style=&#8221;vc_box_border&#8221; border_color=&#8221;chino&#8221; css=&#8221;&#8221;][\/vc_column][\/vc_row][vc_row][vc_column][vc_column_text css=&#8221;.vc_custom_1723458737979{padding-top: 10px !important;padding-right: 15px !important;padding-bottom: 10px !important;padding-left: 15px !important;background-color: #dee9f9 !important;}&#8221;]<span style=\"color: #0d286e;\"><strong>La proposta di legge: <\/strong><\/span><\/p>\n<p><span style=\"color: #000080; font-size: 24px; font-family: 'Roboto Condensed', sans-serif;\"><strong>Disposizioni in materia di riconversione del settore zootecnico per la progressiva transizione agro-ecologica degli allevamenti intensivi.<\/strong><\/span><br \/>\n<span style=\"color: #3366ff;\"><strong><em>Una proposta di legge <\/em><\/strong><em>d\u2019iniziativa dei deputati Evi, Brambilla, Deborah Bergamini, Borrelli, Bonelli, Cherchi, Sergio Costa, Dalla Chiesa, Di Lauro, Dori, Ghirra, Grimaldi, Fratoianni, Orlando, Zanella, presentata il 6 marzo 2024.<\/em><\/span>[\/vc_column_text][\/vc_column][\/vc_row][vc_row][vc_column][vc_column_text css=&#8221;&#8221;]<em>Estrapolato dal testo originale:<\/em><\/p>\n<p><span style=\"color: #ab0c0c;\"><strong>Chiusura di molte attivit\u00e0 agricole e allevamento<\/strong><\/span><\/p>\n<p>L\u201980 per cento dei fondi dell\u2019Unione europea per l\u2019agricoltura italiana \u00e8 destinato attualmente al 20 per cento dei beneficiari. Un sistema che penalizza le piccole aziende e favorisce quelle pi\u00f9 grandi: secondo i dati Eurostat l\u2019Italia ha perso oltre 320.000 aziende in poco pi\u00f9 di dieci anni (tra il 2004 e il 2016): un calo del 38 per cento tra le \u00abpiccole\u00bb paragonato a un aumento del 21 per cento delle aziende \u00abmolto grandi\u00bb e del 23 per cento di quelle grandi.<\/p>\n<p><strong><span style=\"color: #ab0c0c;\">Fattori esterni e genetica<\/span><\/strong><\/p>\n<p>La zootecnia intensiva pu\u00f2 essere economicamente vantaggiosa per le aziende grandi e molto grandi, ma la sua elevata dipendenza da fattori esterni (energia, mangimi, acqua) la rende particolarmente fragile, cos\u00ec come le condizioni di allevamento (tanti animali geneticamente simili rinchiusi in spazi ristretti) la rende vulnerabile alle sempre pi\u00f9 frequenti epidemie.<\/p>\n<p><strong><span style=\"color: #ab0c0c;\">Cereali importati<\/span><\/strong><\/p>\n<p>Circa due terzi dei cereali commercializzati in Europa si trasformano in mangime e circa il 70 per cento dei terreni agricoli europei sono destinati all\u2019alimentazione animale, basata principalmente su coltivazioni, come il mais, che richiedono un grande uso di acqua, anche questa una risorsa sempre pi\u00f9 scarsa.<\/p>\n<p>In Italia produciamo circa 15 milioni di tonnellate di cereali e ne importiamo altre 15 milioni di ton\/anno.<\/p>\n<p><strong><span style=\"color: #ab0c0c;\">Proteine animali e vegetali<\/span><\/strong><\/p>\n<p>Secondo le stime dell\u2019Organizzazione delle Nazioni Unite per l\u2019alimentazione e l\u2019agricoltura (FAO) e dell\u2019Organizzazione mondiale della salute (OMS), un ettaro coltivato a cereali fornisce cinque volte pi\u00f9 proteine di un ettaro destinato alla produzione di mangimi per l\u2019allevamento da carne, mentre quelli coltivati a legumi ne forniscono dieci volte di pi\u00f9.<\/p>\n<p><strong><span style=\"color: #ab0c0c;\">Emissioni di ammoniaca in zootecnia<\/span><\/strong><\/p>\n<p>I limiti previsti dalla normativa vigente e in fase di attuazione riguardano principalmente le emissioni di ammoniaca (il settore zootecnico \u00e8 responsabile di oltre due terzi delle emissioni nazionali, pari a 274.000 tonnellate su circa 345.000 imputabili all\u2019intero settore agricolo), l\u2019inquinamento da polveri fini, in particolare il particolato fine PM2,5 (di cui gli allevamenti intensivi sono la seconda causa di formazione), l\u2019inquinamento del terreno e delle acque da azoto e suoi derivati (nei confronti dell\u2019Italia la Commissione europea ha aperto la procedura di infrazione INFR (2018)2249 per violazione della direttiva 91\/676\/CEE del Consiglio, del 12 dicembre 1991, cosiddetta \u00ab direttiva nitrati \u00bb), e le emissioni climalteranti.<\/p>\n<p><strong><span style=\"color: #ab0c0c;\">Morti per PM2,5<\/span><\/strong><\/p>\n<p>Si aggiunga che le emissioni degli allevamenti intensivi hanno conseguenze dirette sulla salute umana, in particolare legate al citato PM2,5. Secondo l\u2019<em>European environment agency <\/em>(EEA) queste sono state responsabili di pi\u00f9 di 50.000 morti premature (52.300) in Italia nel solo 2020. Dati drammatici che posizionano l\u2019Italia al primo posto per morti premature causate dall\u2019esposizione al PM2,5 e che comportano anche enormi costi sanitari, in particolare nelle zone come la Pianura Padana nelle quali si registra un\u2019alta concentrazione di attivit\u00e0 emissive, quali gli allevamenti intensivi. I dati pubblicati a novembre 2023 riportano 46.800 morti premature in Italia a causa di esposizione al PM2,5 e pongono il nostro Paese al secondo posto in Europa dopo la Polonia (47.300).<\/p>\n<p><span style=\"color: #ab0c0c;\"><strong>Acque inquinate da nitrati<\/strong><\/span><\/p>\n<p>All\u2019inquinamento da nitrati, data l\u2019alta solubilit\u00e0 in acqua di questi composti azotati, \u00e8 strettamente legato il rispetto della direttiva 2000\/60\/CE del Parlamento europeo e del Consiglio, del 23 ottobre 2000, cosiddetta \u00abdirettiva quadro sulle acque\u00bb.<\/p>\n<p><span style=\"color: #ab0c0c;\"><strong>Cambiamenti climatici e strategie produttive<\/strong><\/span><\/p>\n<p>I sempre pi\u00f9 frequenti eventi estremi e la siccit\u00e0 ormai cronica, anche nel nostro Paese, impongono la ricerca di una nuova efficienza alimentare che prediliga le produzioni a pi\u00f9 basso consumo di risorse e favorisca l\u2019adozione di diete salutari e a minor contenuto di prodotti di origine animale da parte di tutte le fasce della popolazione.<\/p>\n<p><strong>Le principali finalit\u00e0 della presente proposta di legge possono essere cos\u00ec sintetizzate:<\/strong><\/p>\n<ol>\n<li>tutelare la salute pubblica, riducendo gli impatti degli allevamenti intensivi a partire dalle zone a pi\u00f9 alta densit\u00e0 zootecnica;<\/li>\n<li>tutelare le risorse naturali a vantaggio della sicurezza alimentare delle generazioni presenti e future;<\/li>\n<li>contribuire al rispetto degli obiettivi in materia di clima e inquinamento;<\/li>\n<li>tutelare le realt\u00e0 virtuose, rafforzando il sostegno economico, e permettere a quelle convenzionali di affrontare la necessaria riconversione;<\/li>\n<li>tutelare gli animali da allevamento diminuendone la sofferenza.<\/li>\n<\/ol>\n<p>[\/vc_column_text][\/vc_column][\/vc_row][vc_row][vc_column][vc_custom_heading text=&#8221;Gli articoli&#8221; font_container=&#8221;tag:h2|text_align:left|color:%23dd3333&#8243; google_fonts=&#8221;font_family:Anton%3Aregular|font_style:400%20regular%3A400%3Anormal&#8221; css=&#8221;.vc_custom_1723550437739{background-color: #f7f1c5 !important;}&#8221;][\/vc_column][\/vc_row][vc_row][vc_column][vc_column_text css=&#8221;.vc_custom_1723550601165{padding-top: 10px !important;padding-right: 15px !important;padding-bottom: 10px !important;padding-left: 15px !important;background-color: #efefef !important;}&#8221;]<\/p>\n<h2><span style=\"font-size: 18px;\">L\u2019articolo 1<\/span><\/h2>\n<p>Comma 1, <strong>richiama i princ\u00ecpi costituzionali su cui si fondano le finalit\u00e0 della legge<\/strong>, in particolare in virt\u00f9 della recente modifica attuata dalla legge costituzionale 11 febbraio 2022, n. 1, che ha aggiunto all\u2019articolo 9 della <strong>Carta la tutela dell\u2019ambiente, della biodiversit\u00e0, degli ecosistemi e degli animali<\/strong>, sancendo altres\u00ec, attraverso la modifica all\u2019articolo 41 della Costituzione, che l\u2019iniziativa economica debba svolgersi nel rispetto della tutela della salute e dell\u2019ambiente.<\/p>\n<h2><span style=\"font-size: 18px;\">L\u2019articolo 2<\/span><\/h2>\n<p>Prevede che lo scopo principale della <strong>riorganizzazione delle attivit\u00e0 del settore zootecnico \u00e8 quello di tutelare l\u2019ambiente e la salute pubblica<\/strong>; il comma 2 prevede che debbano essere tutelate anche la biodiversit\u00e0, gli ecosistemi e il benessere degli animali; il comma 3 dispone che la giusta transizione del settore zootecnico verso un modello compatibile debba tenere conto della disponibilit\u00e0 e conservazione delle risorse naturali e della tutela della salute.<\/p>\n<h2><span style=\"font-size: 18px;\">L\u2019articolo 3<\/span><\/h2>\n<p><strong>Due mucche per ogni ettaro di terreno: chiuderanno tutte le aziende di allevamento<\/strong><\/p>\n<p><strong>Reca la definizione di allevamento intensivo<\/strong>, basata su quella proposta dal Parlamento europeo e del Consiglio (COM (2022)156 <em>final<\/em>) che modifica la direttiva 2010\/75\/UE del Parlamento europeo e del Consiglio, del 24 novembre 2010, relativa alle emissioni industriali, che stabilisce come soglia di densit\u00e0 massima sotto la quale un allevamento pu\u00f2 considerarsi \u00abestensivo\u00bb la <strong>densit\u00e0 di due unit\u00e0 di bestiame adulto (UBA) per ettaro di superficie agricola utilizzata (SAU<em>)<\/em><\/strong><em>. L\u2019UBA \u00e8 l\u2019unit\u00e0 di misura della consistenza di un allevamento; per ogni specie, questa si ottiene applicando appositi coefficienti al numero dei capi presenti nell\u2019azienda<\/em>. In accordo con la definizione di \u00abagricoltura intensiva\u00bb fornita dall\u2019EEA, al criterio della densit\u00e0 si aggiunge quello dell\u2019<strong>intensit\u00e0 di <em>input <\/em>esterni<\/strong>, in particolare per quanto riguarda la quota proteica dell\u2019alimentazione animale, caratteristica comune agli allevamenti \u00absenza terra\u00bb che utilizzano mangimi provenienti da coltivazioni molto distanti, in buona parte da oltreoceano.<\/p>\n<h2><span style=\"font-size: 18px;\">L\u2019articolo 4<\/span><\/h2>\n<p>Prevede, al comma 1, che vengano definite le modalit\u00e0 e i criteri per la <strong>riorganizzazione produttiva degli allevamenti intensivi<\/strong> e, al comma 2, che siano riconosciute <strong>adeguate risorse economiche<\/strong> sia per la transizione degli allevamenti tradizionali.<\/p>\n<h2><span style=\"font-size: 18px;\">L\u2019articolo 5<\/span><\/h2>\n<p>Comma 1, dispone la <strong>sospensione delle autorizzazioni per l\u2019apertura di nuovi allevamenti intensivi<\/strong> e per l\u2019aumento del numero di animali allevati negli allevamenti intensivi gi\u00e0 esistenti;<\/p>\n<h2><span style=\"font-size: 18px;\">L\u2019articolo 6<\/span><\/h2>\n<p><strong>Fondo per la riconversione del settore zootecnico: 5 milioni di euro all\u2019anno.<\/strong><\/p>\n<p>Comma 1, istituisce il <strong>Fondo per la riconversione del settore zootecnico<\/strong> volto a sostenere le azioni previste dalla legge nonch\u00e9 le aziende nel percorso di riconversione delle pratiche zootecniche in chiave agroecologica \u2026<\/p>\n<p>In particolare al comma 1 si propone: \u201c<strong>\u00c8 istituito<\/strong>, nello stato di previsione del Ministero dell\u2019agricoltura, della sovranit\u00e0 alimentare e delle foreste, <strong>il Fondo per la riconversione agroecologica del settore zootecnico<\/strong>, destinato alla concessione di incentivi economici\u201d. Comma 3: \u201cAgli oneri derivanti dal presente articolo, <strong>pari a 5 milioni di euro annui per il triennio 2024-2026<\/strong>, si provvede mediante corrispondente riduzione del Fondo per interventi strutturali di politica economica\u201d \u2026[\/vc_column_text][\/vc_column][\/vc_row][vc_row][vc_column][vc_separator color=&#8221;green&#8221; style=&#8221;shadow&#8221; border_width=&#8221;2&#8243; css=&#8221;&#8221;][\/vc_column][\/vc_row][vc_row css=&#8221;.vc_custom_1723458854263{padding-top: 10px !important;padding-right: 15px !important;padding-bottom: 10px !important;padding-left: 15px !important;background-color: #f7f3d7 !important;}&#8221;][vc_column][vc_column_text css=&#8221;&#8221;]<\/p>\n<h1><span style=\"font-size: 24px;\">Alcune imperfezioni nell\u2019analisi:<\/span><\/h1>\n<ol>\n<li>la <strong>densit\u00e0 di due unit\u00e0 di bestiame adulto (UBA) per ettaro di superficie agricola utilizzata (SAU<em>)<\/em><\/strong><em>: <\/em><em>dovrebbero chiudere tutte le stalle italiane!<\/em><\/li>\n<li><strong>intensit\u00e0 di <em>input <\/em>esterni: <\/strong>cio\u00e8 cereali importati da Canada, Turchia etc. Per favorire le produzioni locali dovremmo rendere produttivi i circa 3,5 milioni di ettari incolti (da almeno 3 anni), su 12,5 milioni circa produttivi.<\/li>\n<\/ol>\n<p>&nbsp;<\/p>\n<h1><span style=\"font-size: 24px;\">Problematiche da considerare<\/span><\/h1>\n<ol start=\"4\">\n<li><span style=\"color: #ff6600;\"><strong>La <\/strong><strong>riconversione del settore zootecnico \u00e8 un processo lungo, dispendioso, e sistemico<\/strong><\/span>, di carattere sia culturale sia strutturale e deve essere sistemico. La mera allocazione di 5 milioni di euro all\u2019anno, non potr\u00e0 sortire i risultati sperati, per il fatto che sono molti i settori coinvolti in questa transizione ecologica.<\/li>\n<li><span style=\"color: #ff6600;\"><strong>L\u2019agricoltore da solo non \u00e8 in grado di affrontare queste sfide<\/strong><\/span> che spaziano dalla trasformazione strutturale, organizzativa, logistica, economica, scientifica e culturale dell\u2019azienda.<\/li>\n<li><span style=\"color: #ff6600;\"><strong>Questa prospettiva deve per forza includere una trasformazione del sistema economico italiano<\/strong>,<\/span> influenzato oggi dal liberismo, dalla concentrazione del valore del denaro in mano a pochi, dallo strapotere di poche corporazioni multinazionali. In effetti 50 anni fa una famiglia con 12 vacche da latte e 5 ettari di terreno riusciva a vivere bene, a mandare a scuola i figli, come si suol dire. Oggi nemmeno 300 vacche da latte e 80 ettari di terreno sono sufficienti a dare un reddito che possa garantire la sostenibilit\u00e0 dell\u2019azienda di allevatori e agricoltori. Il colpevole principale \u00e8 il prezzo troppo basso al campo o alla stalla dei prodotti agricoli. <strong><span style=\"color: #ff6600;\">Oggi si confonde il costo di produzione con il prezzo avente un margine razionale<\/span><\/strong>. E le aziende non hanno utili per rinnovarsi e aderire alle normative, tanto meno per affrontare un cambiamento cos\u00ec radicale.<\/li>\n<li><strong><span style=\"color: #ff6600;\">I prezzi in agricoltura, oggi, vengono fissati da chi compra, non da chi produce. <\/span><\/strong><span style=\"color: #000000;\">Questo stato di cose deve cambiare.<\/span><\/li>\n<\/ol>\n<p>&nbsp;<\/p>\n<h1><span style=\"font-size: 24px;\">Proposte conclusive<\/span><\/h1>\n<p><strong>Per affrontare la trasformazione del settore dell\u2019allevamento e dell&#8217;agricoltura in generale \u00e8 necessaria una <span style=\"color: #ff0000;\">riforma agraria sistemica<\/span>. <span style=\"color: #0000ff;\">Non \u00e8 possibile un cambiamento a macchia di leopardo o spot, perch\u00e9 ci\u00f2 porterebbe al disastro per centinaia di migliaia di famiglie e del settore primario.<\/span> Abbiamo gi\u00e0 sperimentato il brusco passaggio dalle piccole aziende di allevamento con 10-20 vacche da latte con le quali si riusciva a mantenere la propria famiglia e mandare a scuola i figli. Oggi a malapena si riesce con 30 vacche da latte. Non \u00e8 stata realizzata una riforma di aggregazione aziendale nel settore dell&#8217;allevamento e come risultato oltre 100.000 stalle hanno chiuso. Riportiamo alcuni punti salienti.<\/strong><\/p>\n<ol>\n<li><strong><span style=\"color: #ff6600;\">Garantire un reddito adeguato agli allevatori<\/span><\/strong>, pagando loro i costi di produzione reali pi\u00f9 un profitto razionale del 15% minimo del costo di produzione, per i loro prodotti.&nbsp;<\/li>\n<li><strong><span style=\"color: #ff6600;\">L&#8217;agricoltura deve avere lo stesso status dell&#8217;industria.<\/span><\/strong><\/li>\n<li>Affrontare un problema annoso: <strong><span style=\"color: #ff6600;\">da soli non si va da nessuna parte. E\u2019 necessario promuovere l\u2019aggregazione delle aziende<\/span><\/strong>. Si mantiene la propriet\u00e0 dell\u2019azienda e si lavora assieme in modo cooperativo coordinato, non subordinato. Ma ancora potrebbe non essere sufficiente.<\/li>\n<li><strong><span style=\"color: #ff6600;\">E\u2019 necessario modificare il sistema cooperativo<\/span><\/strong>, la legge italiana sulle cooperative \u00e8 obsoleta e non favorisce una vera cooperazione tra i soci (il modello Mondragon si avvicina forse di pi\u00f9 all\u2019ideale di cooperazione coordinata)<\/li>\n<li><strong><span style=\"color: #ff6600;\">Proponiamo un sistema agricolo cooperativo integrato<\/span><\/strong>. Aziende agricole, di allevamento, di frutticoltura, orticoltura, floricoltura, miele coltura, piscicoltura, etc. per <strong><span style=\"color: #ff6600;\">aumentare la produttivit\u00e0,<\/span><\/strong> l&#8217;efficienza e la possibilit\u00e0 di <strong><span style=\"color: #ff6600;\">massima meccanizzazione<\/span><\/strong>. Inoltre le stesse potranno realizzare la trasformazione dei prodotti, senza passarli a terzi. L\u2019idea che le materie prime debbano essere trasformate in loco per creare occupazione, qui ha la sua piena realizzazione. Quindi panifici, pastifici, prodotti della soia, ittici, caseari, sottaceti, sughi, etc. Inoltre queste aggregazioni di aziende possono anche vendere i prodotti con le coop. di distribuzione. E\u2019 un sistema che non richiede input esterni, che \u00e8 sostenibile economicamente, e potrebbe sviluppare l\u2019occupazione locale. Un modello socio-economico.<\/li>\n<li>E&#8217; necessaria la <strong><span style=\"color: #ff6600;\">pianificazione delle colture<\/span><\/strong> in funzione del fabbisogno, in modo da evitare l&#8217;eccesso di produzione e la svendita dei prodotti.<\/li>\n<li><strong><span style=\"color: #ff6600;\">Massima meccanizzazione in agricoltura<\/span><\/strong>, favorita dalla forza economica generata dall&#8217;aggregazione delle aziende<\/li>\n<li>In questa struttura aggregata si pu\u00f2 realizzare anche<strong><span style=\"color: #ff6600;\"> ricerca su fertilizzanti che non danneggino l\u2019ambiente, sulla rotazione delle colture<\/span><\/strong> per difendersi in modo naturale dai parassiti, invece di lasciarla alle universit\u00e0 o centri privati.<\/li>\n<li>Qui <span style=\"color: #ff6600;\"><strong>gli utili aziendali permetteranno una pacifica trasformazione in senso ecologico, sostenibile<\/strong><\/span>, sano della produzione agricola, e senza sovvenzioni statali o UE.<\/li>\n<\/ol>\n<p>[\/vc_column_text][\/vc_column][\/vc_row][vc_row][vc_column][vc_column_text css=&#8221;&#8221;]<a href=\"https:\/\/irprout.it\/wp-content\/uploads\/2024\/08\/leg.19.pdl_.camera.1760.19PDL0081810-1.pdf\">Link alla proposta di Legge<\/a>[\/vc_column_text][\/vc_column][\/vc_row]<\/p>\n<\/div>","protected":false},"excerpt":{"rendered":"<p>[vc_row css=&#8221;.vc_custom_1723458484205{background-color: #e8edda !important;}&#8221;][vc_column][vc_empty_space css=&#8221;.vc_custom_1723458548581{margin-top: -30px !important;}&#8221;][\/vc_column][\/vc_row][vc_row css=&#8221;.vc_custom_1723458501045{background-color: #e8edda !important;}&#8221;][vc_column][vc_custom_heading text=&#8221;Allevamenti intensivi: Critica dell\u2019ambientalismo puro&#8221; font_container=&#8221;tag:h1|font_size:44|text_align:left|color:%231c5e15&#8243; google_fonts=&#8221;font_family:Anton%3Aregular|font_style:400%20regular%3A400%3Anormal&#8221; css=&#8221;.vc_custom_1723550203876{padding-left: 15px !important;}&#8221;][vc_column_text css=&#8221;.vc_custom_1723549418367{margin-top: -15px !important;padding-left: 15px !important;}&#8221;]11\/08\/2024 &#8211; Tarcisio Bonotto, IRP Staff[\/vc_column_text][\/vc_column][\/vc_row][vc_row][vc_column][vc_separator color=&#8221;green&#8221; style=&#8221;shadow&#8221; border_width=&#8221;2&#8243; css=&#8221;.vc_custom_1723458798053{margin-top: -28px !important;}&#8221;][\/vc_column][\/vc_row][vc_row][vc_column width=&#8221;2\/3&#8243;][vc_column_text css=&#8221;.vc_custom_1723458314427{padding-top: 10px !important;padding-right: 15px !important;padding-bottom: 10px !important;padding-left: 15px !important;background-color: #ededed !important;}&#8221;]Questa analisi si <span class=\"excerpt-dots\">&hellip;<\/span> <a class=\"more-link\" href=\"https:\/\/irprout.it\/?p=7061\"><span class=\"more-msg\">Continua a leggere<\/span><\/a><\/p>\n","protected":false},"author":3,"featured_media":0,"comment_status":"closed","ping_status":"closed","sticky":false,"template":"","format":"standard","meta":{"ngg_post_thumbnail":0,"footnotes":""},"categories":[91,24,26,89,7,19,93,39],"tags":[],"class_list":["post-7061","post","type-post","status-publish","format-standard","hentry","category-agricoltura","category-alimentazione","category-ambiente","category-cambiamenti-climatici","category-economia","category-ricerca_economica","category-ricerca-settore-primario","category-ricerca_sociale"],"yoast_head":"<!-- This site is optimized with the Yoast SEO plugin v26.6 - https:\/\/yoast.com\/wordpress\/plugins\/seo\/ -->\n<title>Allevamenti intensivi: Critica dell\u2019ambientalismo puro - Istituto di Ricerca Prout<\/title>\n<meta name=\"robots\" content=\"index, follow, max-snippet:-1, max-image-preview:large, max-video-preview:-1\" \/>\n<link rel=\"canonical\" href=\"https:\/\/irprout.it\/?p=7061\" \/>\n<meta property=\"og:locale\" content=\"it_IT\" \/>\n<meta property=\"og:type\" content=\"article\" \/>\n<meta property=\"og:title\" content=\"Allevamenti intensivi: Critica dell\u2019ambientalismo puro - Istituto di Ricerca Prout\" \/>\n<meta property=\"og:description\" content=\"[vc_row css=&#8221;.vc_custom_1723458484205{background-color: #e8edda !important;}&#8221;][vc_column][vc_empty_space css=&#8221;.vc_custom_1723458548581{margin-top: -30px !important;}&#8221;][\/vc_column][\/vc_row][vc_row css=&#8221;.vc_custom_1723458501045{background-color: #e8edda !important;}&#8221;][vc_column][vc_custom_heading text=&#8221;Allevamenti intensivi: Critica dell\u2019ambientalismo puro&#8221; font_container=&#8221;tag:h1|font_size:44|text_align:left|color:%231c5e15&#8243; google_fonts=&#8221;font_family:Anton%3Aregular|font_style:400%20regular%3A400%3Anormal&#8221; css=&#8221;.vc_custom_1723550203876{padding-left: 15px !important;}&#8221;][vc_column_text css=&#8221;.vc_custom_1723549418367{margin-top: -15px !important;padding-left: 15px !important;}&#8221;]11\/08\/2024 &#8211; Tarcisio Bonotto, IRP Staff[\/vc_column_text][\/vc_column][\/vc_row][vc_row][vc_column][vc_separator color=&#8221;green&#8221; style=&#8221;shadow&#8221; border_width=&#8221;2&#8243; css=&#8221;.vc_custom_1723458798053{margin-top: -28px !important;}&#8221;][\/vc_column][\/vc_row][vc_row][vc_column width=&#8221;2\/3&#8243;][vc_column_text css=&#8221;.vc_custom_1723458314427{padding-top: 10px !important;padding-right: 15px !important;padding-bottom: 10px !important;padding-left: 15px !important;background-color: #ededed !important;}&#8221;]Questa analisi si &hellip; Continua a leggere\" \/>\n<meta property=\"og:url\" content=\"https:\/\/irprout.it\/?p=7061\" \/>\n<meta property=\"og:site_name\" content=\"Istituto di Ricerca Prout\" \/>\n<meta property=\"article:author\" content=\"https:\/\/it-it.facebook.com\/IRPROUT\" \/>\n<meta property=\"article:published_time\" content=\"2024-08-12T10:48:48+00:00\" \/>\n<meta property=\"article:modified_time\" content=\"2024-12-26T10:23:50+00:00\" \/>\n<meta name=\"author\" content=\"Tarcisio Bonotto\" \/>\n<meta name=\"twitter:label1\" content=\"Scritto da\" \/>\n\t<meta name=\"twitter:data1\" content=\"Tarcisio Bonotto\" \/>\n\t<meta name=\"twitter:label2\" content=\"Tempo di lettura stimato\" \/>\n\t<meta name=\"twitter:data2\" content=\"12 minuti\" \/>\n<script type=\"application\/ld+json\" class=\"yoast-schema-graph\">{\"@context\":\"https:\/\/schema.org\",\"@graph\":[{\"@type\":\"Article\",\"@id\":\"https:\/\/irprout.it\/?p=7061#article\",\"isPartOf\":{\"@id\":\"https:\/\/irprout.it\/?p=7061\"},\"author\":{\"name\":\"Tarcisio Bonotto\",\"@id\":\"https:\/\/irprout.it\/#\/schema\/person\/c29256b88f25238a0a5436e1dbe26555\"},\"headline\":\"Allevamenti intensivi: Critica dell\u2019ambientalismo puro\",\"datePublished\":\"2024-08-12T10:48:48+00:00\",\"dateModified\":\"2024-12-26T10:23:50+00:00\",\"mainEntityOfPage\":{\"@id\":\"https:\/\/irprout.it\/?p=7061\"},\"wordCount\":2376,\"publisher\":{\"@id\":\"https:\/\/irprout.it\/#organization\"},\"articleSection\":[\"Agricoltura\",\"Alimentazione\",\"Ambiente\",\"Cambiamenti Climatici\",\"Economia\",\"Ricerca Economica\",\"Ricerca Settore Primario\",\"Ricerca sociale\"],\"inLanguage\":\"it-IT\"},{\"@type\":\"WebPage\",\"@id\":\"https:\/\/irprout.it\/?p=7061\",\"url\":\"https:\/\/irprout.it\/?p=7061\",\"name\":\"Allevamenti intensivi: Critica dell\u2019ambientalismo puro - Istituto di Ricerca Prout\",\"isPartOf\":{\"@id\":\"https:\/\/irprout.it\/#website\"},\"datePublished\":\"2024-08-12T10:48:48+00:00\",\"dateModified\":\"2024-12-26T10:23:50+00:00\",\"breadcrumb\":{\"@id\":\"https:\/\/irprout.it\/?p=7061#breadcrumb\"},\"inLanguage\":\"it-IT\",\"potentialAction\":[{\"@type\":\"ReadAction\",\"target\":[\"https:\/\/irprout.it\/?p=7061\"]}]},{\"@type\":\"BreadcrumbList\",\"@id\":\"https:\/\/irprout.it\/?p=7061#breadcrumb\",\"itemListElement\":[{\"@type\":\"ListItem\",\"position\":1,\"name\":\"Home\",\"item\":\"https:\/\/irprout.it\/\"},{\"@type\":\"ListItem\",\"position\":2,\"name\":\"Allevamenti intensivi: Critica dell\u2019ambientalismo puro\"}]},{\"@type\":\"WebSite\",\"@id\":\"https:\/\/irprout.it\/#website\",\"url\":\"https:\/\/irprout.it\/\",\"name\":\"Istituto di Ricerca Prout\",\"description\":\"Istituto di Ricerca Prout\",\"publisher\":{\"@id\":\"https:\/\/irprout.it\/#organization\"},\"potentialAction\":[{\"@type\":\"SearchAction\",\"target\":{\"@type\":\"EntryPoint\",\"urlTemplate\":\"https:\/\/irprout.it\/?s={search_term_string}\"},\"query-input\":{\"@type\":\"PropertyValueSpecification\",\"valueRequired\":true,\"valueName\":\"search_term_string\"}}],\"inLanguage\":\"it-IT\"},{\"@type\":\"Organization\",\"@id\":\"https:\/\/irprout.it\/#organization\",\"name\":\"Istituto di Ricerca Prout\",\"url\":\"https:\/\/irprout.it\/\",\"logo\":{\"@type\":\"ImageObject\",\"inLanguage\":\"it-IT\",\"@id\":\"https:\/\/irprout.it\/#\/schema\/logo\/image\/\",\"url\":\"http:\/\/irprout.it\/wp-content\/uploads\/2014\/10\/logo_IRP_albero300Cor.jpg\",\"contentUrl\":\"http:\/\/irprout.it\/wp-content\/uploads\/2014\/10\/logo_IRP_albero300Cor.jpg\",\"width\":303,\"height\":304,\"caption\":\"Istituto di Ricerca Prout\"},\"image\":{\"@id\":\"https:\/\/irprout.it\/#\/schema\/logo\/image\/\"}},{\"@type\":\"Person\",\"@id\":\"https:\/\/irprout.it\/#\/schema\/person\/c29256b88f25238a0a5436e1dbe26555\",\"name\":\"Tarcisio Bonotto\",\"image\":{\"@type\":\"ImageObject\",\"inLanguage\":\"it-IT\",\"@id\":\"https:\/\/irprout.it\/#\/schema\/person\/image\/\",\"url\":\"https:\/\/secure.gravatar.com\/avatar\/8a341cc2c6188834b6220892d8c7f44835b971a191e4b4c7f0bdcf998648bf79?s=96&d=mm&r=g\",\"contentUrl\":\"https:\/\/secure.gravatar.com\/avatar\/8a341cc2c6188834b6220892d8c7f44835b971a191e4b4c7f0bdcf998648bf79?s=96&d=mm&r=g\",\"caption\":\"Tarcisio Bonotto\"},\"sameAs\":[\"http:\/\/irprout.it,www.prout.it\",\"https:\/\/it-it.facebook.com\/IRPROUT\",\"https:\/\/x.com\/#tarcisio.bonotto\"],\"url\":\"https:\/\/irprout.it\/?author=3\"}]}<\/script>\n<!-- \/ Yoast SEO plugin. -->","yoast_head_json":{"title":"Allevamenti intensivi: Critica dell\u2019ambientalismo puro - Istituto di Ricerca Prout","robots":{"index":"index","follow":"follow","max-snippet":"max-snippet:-1","max-image-preview":"max-image-preview:large","max-video-preview":"max-video-preview:-1"},"canonical":"https:\/\/irprout.it\/?p=7061","og_locale":"it_IT","og_type":"article","og_title":"Allevamenti intensivi: Critica dell\u2019ambientalismo puro - Istituto di Ricerca Prout","og_description":"[vc_row css=&#8221;.vc_custom_1723458484205{background-color: #e8edda !important;}&#8221;][vc_column][vc_empty_space css=&#8221;.vc_custom_1723458548581{margin-top: -30px !important;}&#8221;][\/vc_column][\/vc_row][vc_row css=&#8221;.vc_custom_1723458501045{background-color: #e8edda !important;}&#8221;][vc_column][vc_custom_heading text=&#8221;Allevamenti intensivi: Critica dell\u2019ambientalismo puro&#8221; font_container=&#8221;tag:h1|font_size:44|text_align:left|color:%231c5e15&#8243; google_fonts=&#8221;font_family:Anton%3Aregular|font_style:400%20regular%3A400%3Anormal&#8221; css=&#8221;.vc_custom_1723550203876{padding-left: 15px !important;}&#8221;][vc_column_text css=&#8221;.vc_custom_1723549418367{margin-top: -15px !important;padding-left: 15px !important;}&#8221;]11\/08\/2024 &#8211; Tarcisio Bonotto, IRP Staff[\/vc_column_text][\/vc_column][\/vc_row][vc_row][vc_column][vc_separator color=&#8221;green&#8221; style=&#8221;shadow&#8221; border_width=&#8221;2&#8243; css=&#8221;.vc_custom_1723458798053{margin-top: -28px !important;}&#8221;][\/vc_column][\/vc_row][vc_row][vc_column width=&#8221;2\/3&#8243;][vc_column_text css=&#8221;.vc_custom_1723458314427{padding-top: 10px !important;padding-right: 15px !important;padding-bottom: 10px !important;padding-left: 15px !important;background-color: #ededed !important;}&#8221;]Questa analisi si &hellip; Continua a leggere","og_url":"https:\/\/irprout.it\/?p=7061","og_site_name":"Istituto di Ricerca Prout","article_author":"https:\/\/it-it.facebook.com\/IRPROUT","article_published_time":"2024-08-12T10:48:48+00:00","article_modified_time":"2024-12-26T10:23:50+00:00","author":"Tarcisio Bonotto","twitter_misc":{"Scritto da":"Tarcisio Bonotto","Tempo di lettura stimato":"12 minuti"},"schema":{"@context":"https:\/\/schema.org","@graph":[{"@type":"Article","@id":"https:\/\/irprout.it\/?p=7061#article","isPartOf":{"@id":"https:\/\/irprout.it\/?p=7061"},"author":{"name":"Tarcisio Bonotto","@id":"https:\/\/irprout.it\/#\/schema\/person\/c29256b88f25238a0a5436e1dbe26555"},"headline":"Allevamenti intensivi: Critica dell\u2019ambientalismo puro","datePublished":"2024-08-12T10:48:48+00:00","dateModified":"2024-12-26T10:23:50+00:00","mainEntityOfPage":{"@id":"https:\/\/irprout.it\/?p=7061"},"wordCount":2376,"publisher":{"@id":"https:\/\/irprout.it\/#organization"},"articleSection":["Agricoltura","Alimentazione","Ambiente","Cambiamenti Climatici","Economia","Ricerca Economica","Ricerca Settore Primario","Ricerca sociale"],"inLanguage":"it-IT"},{"@type":"WebPage","@id":"https:\/\/irprout.it\/?p=7061","url":"https:\/\/irprout.it\/?p=7061","name":"Allevamenti intensivi: Critica dell\u2019ambientalismo puro - Istituto di Ricerca Prout","isPartOf":{"@id":"https:\/\/irprout.it\/#website"},"datePublished":"2024-08-12T10:48:48+00:00","dateModified":"2024-12-26T10:23:50+00:00","breadcrumb":{"@id":"https:\/\/irprout.it\/?p=7061#breadcrumb"},"inLanguage":"it-IT","potentialAction":[{"@type":"ReadAction","target":["https:\/\/irprout.it\/?p=7061"]}]},{"@type":"BreadcrumbList","@id":"https:\/\/irprout.it\/?p=7061#breadcrumb","itemListElement":[{"@type":"ListItem","position":1,"name":"Home","item":"https:\/\/irprout.it\/"},{"@type":"ListItem","position":2,"name":"Allevamenti intensivi: Critica dell\u2019ambientalismo puro"}]},{"@type":"WebSite","@id":"https:\/\/irprout.it\/#website","url":"https:\/\/irprout.it\/","name":"Istituto di Ricerca Prout","description":"Istituto di Ricerca Prout","publisher":{"@id":"https:\/\/irprout.it\/#organization"},"potentialAction":[{"@type":"SearchAction","target":{"@type":"EntryPoint","urlTemplate":"https:\/\/irprout.it\/?s={search_term_string}"},"query-input":{"@type":"PropertyValueSpecification","valueRequired":true,"valueName":"search_term_string"}}],"inLanguage":"it-IT"},{"@type":"Organization","@id":"https:\/\/irprout.it\/#organization","name":"Istituto di Ricerca Prout","url":"https:\/\/irprout.it\/","logo":{"@type":"ImageObject","inLanguage":"it-IT","@id":"https:\/\/irprout.it\/#\/schema\/logo\/image\/","url":"http:\/\/irprout.it\/wp-content\/uploads\/2014\/10\/logo_IRP_albero300Cor.jpg","contentUrl":"http:\/\/irprout.it\/wp-content\/uploads\/2014\/10\/logo_IRP_albero300Cor.jpg","width":303,"height":304,"caption":"Istituto di Ricerca Prout"},"image":{"@id":"https:\/\/irprout.it\/#\/schema\/logo\/image\/"}},{"@type":"Person","@id":"https:\/\/irprout.it\/#\/schema\/person\/c29256b88f25238a0a5436e1dbe26555","name":"Tarcisio Bonotto","image":{"@type":"ImageObject","inLanguage":"it-IT","@id":"https:\/\/irprout.it\/#\/schema\/person\/image\/","url":"https:\/\/secure.gravatar.com\/avatar\/8a341cc2c6188834b6220892d8c7f44835b971a191e4b4c7f0bdcf998648bf79?s=96&d=mm&r=g","contentUrl":"https:\/\/secure.gravatar.com\/avatar\/8a341cc2c6188834b6220892d8c7f44835b971a191e4b4c7f0bdcf998648bf79?s=96&d=mm&r=g","caption":"Tarcisio Bonotto"},"sameAs":["http:\/\/irprout.it,www.prout.it","https:\/\/it-it.facebook.com\/IRPROUT","https:\/\/x.com\/#tarcisio.bonotto"],"url":"https:\/\/irprout.it\/?author=3"}]}},"_links":{"self":[{"href":"https:\/\/irprout.it\/index.php?rest_route=\/wp\/v2\/posts\/7061","targetHints":{"allow":["GET"]}}],"collection":[{"href":"https:\/\/irprout.it\/index.php?rest_route=\/wp\/v2\/posts"}],"about":[{"href":"https:\/\/irprout.it\/index.php?rest_route=\/wp\/v2\/types\/post"}],"author":[{"embeddable":true,"href":"https:\/\/irprout.it\/index.php?rest_route=\/wp\/v2\/users\/3"}],"replies":[{"embeddable":true,"href":"https:\/\/irprout.it\/index.php?rest_route=%2Fwp%2Fv2%2Fcomments&post=7061"}],"version-history":[{"count":25,"href":"https:\/\/irprout.it\/index.php?rest_route=\/wp\/v2\/posts\/7061\/revisions"}],"predecessor-version":[{"id":7089,"href":"https:\/\/irprout.it\/index.php?rest_route=\/wp\/v2\/posts\/7061\/revisions\/7089"}],"wp:attachment":[{"href":"https:\/\/irprout.it\/index.php?rest_route=%2Fwp%2Fv2%2Fmedia&parent=7061"}],"wp:term":[{"taxonomy":"category","embeddable":true,"href":"https:\/\/irprout.it\/index.php?rest_route=%2Fwp%2Fv2%2Fcategories&post=7061"},{"taxonomy":"post_tag","embeddable":true,"href":"https:\/\/irprout.it\/index.php?rest_route=%2Fwp%2Fv2%2Ftags&post=7061"}],"curies":[{"name":"wp","href":"https:\/\/api.w.org\/{rel}","templated":true}]}}