{"id":7291,"date":"2024-12-20T17:38:14","date_gmt":"2024-12-20T16:38:14","guid":{"rendered":"https:\/\/irprout.it\/?p=7291"},"modified":"2024-12-20T17:39:20","modified_gmt":"2024-12-20T16:39:20","slug":"7291","status":"publish","type":"post","link":"https:\/\/irprout.it\/?p=7291","title":{"rendered":"Crisi energetica e prezzi"},"content":{"rendered":"<div class=\"wpb-content-wrapper\"><p>[vc_row][vc_column][vc_empty_space][\/vc_column][\/vc_row][vc_row][vc_column][vc_custom_heading text=&#8221;Crisi energetica e prezzi&#8221; font_container=&#8221;tag:h1|text_align:left|color:%232136A0&#8243; google_fonts=&#8221;font_family:Anton%3Aregular|font_style:400%20regular%3A400%3Anormal&#8221; css=&#8221;&#8221;][\/vc_column][\/vc_row][vc_row][vc_column][vc_separator color=&#8221;green&#8221; style=&#8221;shadow&#8221; border_width=&#8221;2&#8243; css=&#8221;&#8221;][\/vc_column][\/vc_row][vc_row][vc_column][vc_column_text css=&#8221;.vc_custom_1734712120791{padding-top: 10px !important;padding-right: 15px !important;padding-bottom: 10px !important;padding-left: 15px !important;background-color: #EEEDED !important;}&#8221;]<em><span style=\"font-family: 'Roboto Condensed', sans-serif; font-size: 14pt;\">Nei giornali abbondano le notizie sull\u2019enorme aumento dei prezzi dell\u2019energia, che si riflette sulle bollette che consumatori e imprese sono costretti a pagare. Gli aumenti sono cos\u00ec rilevanti che il governo ha stanziato diversi miliardi per contenerli,&nbsp;<strong>almeno in parte<\/strong>.<\/span><\/em>[\/vc_column_text][\/vc_column][\/vc_row][vc_row][vc_column width=&#8221;1\/4&#8243;][vc_single_image image=&#8221;7294&#8243; img_size=&#8221;full&#8221; style=&#8221;vc_box_border&#8221; border_color=&#8221;orange&#8221; css=&#8221;&#8221;][\/vc_column][vc_column width=&#8221;3\/4&#8243;][vc_column_text css=&#8221;&#8221;]Le cause di questo fenomeno sono principalmente di natura finanziaria, perch\u00e9 il prezzo del metano sta salendo per effetto della speculazione che moltiplica i risultati dell\u2019incremento che nel 2021 ha avuto la domanda globale.&nbsp; Ma la preoccupante ascesa dei prezzi del gas non va attribuita solo alla speculazione o al mercato globale in crescita. Vi sono altre cause, anche se poco trattate dai mezzi d\u2019informazione.<\/p>\n<p><strong>I certificati bianchi<\/strong><\/p>\n<p>Esistono i TEE, Titoli di Efficienza Energetica., che i&nbsp;<strong>distributori di elettricit\u00e0 e gas<\/strong>&nbsp;oltre una certa dimensione sono obbligati a comprare se non vogliono realizzare interventi di efficientamento nella loro struttura. Questi titoli beneficiano di un&nbsp;\u201ccontributo\u201d, legato proprio all\u2019andamento dei prezzi: pi\u00f9 i prezzi sono alti, pi\u00f9 lo \u00e8 anche il contributo, che alla fine pesa sulle bollette di gas ed elettricit\u00e0. Ebbene, nel 2018 i titoli hanno sfondato i&nbsp;425 euro per certificato quando un anno prima erano sui 250 e due anni prima erano a 100 euro.<\/p>\n<p><strong>La speculazione: i futures<\/strong><\/p>\n<p>Questi sono \u201cpromesse\u201d di acquisto futuro al prezzo corrente di mercato con il quale si ottiene il diritto di acquistare o vendere un\u2019attivit\u00e0 o un prodotto in una data successiva per un prezzo fissato al momento della stipula. Ovviamente il compratore prevede un aumento del prezzo, e, quindi si aspetta un profitto, mentre, viceversa, chi vende spera&nbsp;<strong>in una sua diminuzione<\/strong>. L\u2019attivit\u00e0 di trading su questi titoli \u00e8 a somma zero, a chi guadagna corrisponde esattamente una perdita per un altro speculatore. Nonostante ci\u00f2, prevale la speculazione al rialzo che incide sui mercati reali, attraverso una modifica radicale nella natura dei contratti di vendita. Questi nel passato erano prevalentemente a lungo termine a prezzo prefissato, ma, a partire dalla crisi finanziaria del 2008, si \u00e8 continuamente accresciuto il numero delle transazioni che avvengono al prezzo spot, cio\u00e8 giornaliero, il cui valore si determina sul Ttf, Title Transfer Facility, mercato olandese di riferimento europeo.[\/vc_column_text][\/vc_column][\/vc_row][vc_row][vc_column][vc_single_image image=&#8221;7293&#8243; img_size=&#8221;full&#8221; style=&#8221;vc_box_border&#8221; border_color=&#8221;sandy_brown&#8221; css=&#8221;&#8221;][\/vc_column][\/vc_row][vc_row][vc_column width=&#8221;2\/3&#8243;][vc_column_text css=&#8221;&#8221;]<strong>I profitti dell\u2019ENI e altri grossisti del mercato energetico<\/strong><\/p>\n<p>La maggior parte del gas viene importato in Italia da tre societ\u00e0, Eni, Enel ed Edison. Si stima che l\u2019Eni, il maggiore acquirente, abbia importato nel 2021 circa il 47,6% del totale, pari a&nbsp;<strong>33,8 miliardi di metri cubi<\/strong>, il 31,6% dei quali effettuato tramite acquisti sul mercato spot, cio\u00e8 a prezzi alti, mentre il restante 68,4%, pari a circa 23,1 miliardi di metri cubi, \u00e8 stato acquistato a prezzi dei contratti pluriennali molto pi\u00f9 bassi stipulati con la Russia, l\u2019Algeria e gli altri paesi fornitori. I risultati di questo commercio del gas per ENI sono stati un profitto di 4,7 miliardi \u20ac nel 2021.<\/p>\n<p><strong>La guerra Russia-Ukraina<\/strong><\/p>\n<p>Pur dipendendo quasi completamente dal rifornimento di gas russo, chi ci governava ha deciso di imporre sanzioni pesanti al nostro fornitore di gas.<\/p>\n<p>Ma veramente il governo pensava che, dopo aver congelato i beni della Banca centrale russa, espropriato gli oligarchi e soprattutto mandato le armi all\u2019ucraina, e comminato altre pesanti sanzioni, le forniture di gas sarebbero continuate ad affluire regolarmente?<\/p>\n<p>Peccato che le cose siano andate diversamente: Gazprom ha ridotto del 40% le esportazioni, i prezzi sono schizzati, paghiamo in rubli e abbiamo il prezzo dell\u2019energia al massimo storico.<\/p>\n<p>Gli USA ci hanno poi \u201cteso la mano\u201d&nbsp; per rifornirci con il loro Metano liquido, a 140\u20ac al MWh, mentre negli Stati Uniti il prezzo si aggira sui 20\u20ac al MWh. Certo questo sta affossando molte industrie italiane ed europee[\/vc_column_text][\/vc_column][vc_column width=&#8221;1\/3&#8243;][vc_column_text css=&#8221;.vc_custom_1734712641032{padding-top: 15px !important;padding-right: 25px !important;padding-bottom: 15px !important;padding-left: 25px !important;background-color: #C0D1FF !important;}&#8221;]<span style=\"font-size: 16pt;\"><em>Lo scambio di titoli del GAS alla borsa di Amsterdam, durante la &#8220;crisi del GAS&#8221;, \u00e8 stato del solo 2% del totale, ma ha influenzato al rialzo il prezzo di tutto il gas commercializzato. Pura speculazione.<\/em><\/span>[\/vc_column_text][\/vc_column][\/vc_row][vc_row][vc_column css=&#8221;.vc_custom_1734712532680{padding-top: 10px !important;padding-right: 15px !important;padding-bottom: 10px !important;padding-left: 15px !important;background-color: #F4EA98 !important;}&#8221;][vc_column_text css=&#8221;.vc_custom_1734712685142{padding-top: 15px !important;padding-right: 25px !important;padding-bottom: 15px !important;padding-left: 25px !important;background-color: #F9EEB5 !important;}&#8221;]<strong>Le soluzioni<\/strong><\/p>\n<p>La prima che viene in mente \u00e8 bloccare il mercato finanziario di Amsterdam per eccesso di rialzo, come si fa nelle borse di tutto il mondo. Ma questo va contro gli enormi interessi dell\u2019Olanda che difficilmente rinuncerebbe ai profitti cos\u00ec ottenuti e, dato che esiste il diritto di veto per cui tutti devono essere d\u2019accordo sulle azioni in Europa, finora niente \u00e8 stato fatto.<\/p>\n<p>La seconda \u00e8 la soluzione PROUT: le aziende che forniscono materie prime ad altre aziende dovrebbero essere gestite direttamente dallo Stato secondo il principio di \u201cniente perdite niente profitto\u201d. Ci\u00f2 potrebbe essere fatto con la nazionalizzazione di ENI ed ENEL in Italia, visto che lo Stato gi\u00e0 detiene il 30% delle quote ENI. Gi\u00e0 la Germania ha iniziato questo processo per le sue aziende energetiche. Questo prima o poi si dovr\u00e0 fare anche da noi, se non si vuole il crollo totale delle aziende italiane e dell\u2019economia ad esse legata.[\/vc_column_text][\/vc_column][\/vc_row]<\/p>\n<\/div>","protected":false},"excerpt":{"rendered":"<p>[vc_row][vc_column][vc_empty_space][\/vc_column][\/vc_row][vc_row][vc_column][vc_custom_heading text=&#8221;Crisi energetica e prezzi&#8221; font_container=&#8221;tag:h1|text_align:left|color:%232136A0&#8243; google_fonts=&#8221;font_family:Anton%3Aregular|font_style:400%20regular%3A400%3Anormal&#8221; css=&#8221;&#8221;][\/vc_column][\/vc_row][vc_row][vc_column][vc_separator color=&#8221;green&#8221; style=&#8221;shadow&#8221; border_width=&#8221;2&#8243; css=&#8221;&#8221;][\/vc_column][\/vc_row][vc_row][vc_column][vc_column_text css=&#8221;.vc_custom_1734712120791{padding-top: 10px !important;padding-right: 15px !important;padding-bottom: 10px !important;padding-left: 15px !important;background-color: #EEEDED !important;}&#8221;]Nei giornali abbondano le notizie sull\u2019enorme aumento dei prezzi dell\u2019energia, che si riflette sulle bollette che consumatori e imprese sono costretti a pagare. Gli aumenti sono cos\u00ec rilevanti <span class=\"excerpt-dots\">&hellip;<\/span> <a class=\"more-link\" href=\"https:\/\/irprout.it\/?p=7291\"><span class=\"more-msg\">Continua a leggere<\/span><\/a><\/p>\n","protected":false},"author":3,"featured_media":0,"comment_status":"closed","ping_status":"closed","sticky":false,"template":"","format":"standard","meta":{"ngg_post_thumbnail":0,"footnotes":""},"categories":[26,7,6],"tags":[],"class_list":["post-7291","post","type-post","status-publish","format-standard","hentry","category-ambiente","category-economia","category-mondo"],"yoast_head":"<!-- This site is optimized with the Yoast SEO plugin v26.6 - https:\/\/yoast.com\/wordpress\/plugins\/seo\/ -->\n<title>Crisi energetica e prezzi - Istituto di Ricerca Prout<\/title>\n<meta name=\"robots\" content=\"index, follow, max-snippet:-1, max-image-preview:large, max-video-preview:-1\" \/>\n<link rel=\"canonical\" href=\"https:\/\/irprout.it\/?p=7291\" \/>\n<meta property=\"og:locale\" content=\"it_IT\" \/>\n<meta property=\"og:type\" content=\"article\" \/>\n<meta property=\"og:title\" content=\"Crisi energetica e prezzi - Istituto di Ricerca Prout\" \/>\n<meta property=\"og:description\" content=\"[vc_row][vc_column][vc_empty_space][\/vc_column][\/vc_row][vc_row][vc_column][vc_custom_heading text=&#8221;Crisi energetica e prezzi&#8221; font_container=&#8221;tag:h1|text_align:left|color:%232136A0&#8243; google_fonts=&#8221;font_family:Anton%3Aregular|font_style:400%20regular%3A400%3Anormal&#8221; css=&#8221;&#8221;][\/vc_column][\/vc_row][vc_row][vc_column][vc_separator color=&#8221;green&#8221; style=&#8221;shadow&#8221; border_width=&#8221;2&#8243; css=&#8221;&#8221;][\/vc_column][\/vc_row][vc_row][vc_column][vc_column_text css=&#8221;.vc_custom_1734712120791{padding-top: 10px !important;padding-right: 15px !important;padding-bottom: 10px !important;padding-left: 15px !important;background-color: #EEEDED !important;}&#8221;]Nei giornali abbondano le notizie sull\u2019enorme aumento dei prezzi dell\u2019energia, che si riflette sulle bollette che consumatori e imprese sono costretti a pagare. Gli aumenti sono cos\u00ec rilevanti &hellip; Continua a leggere\" \/>\n<meta property=\"og:url\" content=\"https:\/\/irprout.it\/?p=7291\" \/>\n<meta property=\"og:site_name\" content=\"Istituto di Ricerca Prout\" \/>\n<meta property=\"article:author\" content=\"https:\/\/it-it.facebook.com\/IRPROUT\" \/>\n<meta property=\"article:published_time\" content=\"2024-12-20T16:38:14+00:00\" \/>\n<meta property=\"article:modified_time\" content=\"2024-12-20T16:39:20+00:00\" \/>\n<meta name=\"author\" content=\"Tarcisio Bonotto\" \/>\n<meta name=\"twitter:label1\" content=\"Scritto da\" \/>\n\t<meta name=\"twitter:data1\" content=\"Tarcisio Bonotto\" \/>\n\t<meta name=\"twitter:label2\" content=\"Tempo di lettura stimato\" \/>\n\t<meta name=\"twitter:data2\" content=\"6 minuti\" \/>\n<script type=\"application\/ld+json\" class=\"yoast-schema-graph\">{\"@context\":\"https:\/\/schema.org\",\"@graph\":[{\"@type\":\"Article\",\"@id\":\"https:\/\/irprout.it\/?p=7291#article\",\"isPartOf\":{\"@id\":\"https:\/\/irprout.it\/?p=7291\"},\"author\":{\"name\":\"Tarcisio Bonotto\",\"@id\":\"https:\/\/irprout.it\/#\/schema\/person\/c29256b88f25238a0a5436e1dbe26555\"},\"headline\":\"Crisi energetica e prezzi\",\"datePublished\":\"2024-12-20T16:38:14+00:00\",\"dateModified\":\"2024-12-20T16:39:20+00:00\",\"mainEntityOfPage\":{\"@id\":\"https:\/\/irprout.it\/?p=7291\"},\"wordCount\":1051,\"publisher\":{\"@id\":\"https:\/\/irprout.it\/#organization\"},\"articleSection\":[\"Ambiente\",\"Economia\",\"Mondo\"],\"inLanguage\":\"it-IT\"},{\"@type\":\"WebPage\",\"@id\":\"https:\/\/irprout.it\/?p=7291\",\"url\":\"https:\/\/irprout.it\/?p=7291\",\"name\":\"Crisi energetica e prezzi - Istituto di Ricerca Prout\",\"isPartOf\":{\"@id\":\"https:\/\/irprout.it\/#website\"},\"datePublished\":\"2024-12-20T16:38:14+00:00\",\"dateModified\":\"2024-12-20T16:39:20+00:00\",\"breadcrumb\":{\"@id\":\"https:\/\/irprout.it\/?p=7291#breadcrumb\"},\"inLanguage\":\"it-IT\",\"potentialAction\":[{\"@type\":\"ReadAction\",\"target\":[\"https:\/\/irprout.it\/?p=7291\"]}]},{\"@type\":\"BreadcrumbList\",\"@id\":\"https:\/\/irprout.it\/?p=7291#breadcrumb\",\"itemListElement\":[{\"@type\":\"ListItem\",\"position\":1,\"name\":\"Home\",\"item\":\"https:\/\/irprout.it\/\"},{\"@type\":\"ListItem\",\"position\":2,\"name\":\"Crisi energetica e prezzi\"}]},{\"@type\":\"WebSite\",\"@id\":\"https:\/\/irprout.it\/#website\",\"url\":\"https:\/\/irprout.it\/\",\"name\":\"Istituto di Ricerca Prout\",\"description\":\"Istituto di Ricerca Prout\",\"publisher\":{\"@id\":\"https:\/\/irprout.it\/#organization\"},\"potentialAction\":[{\"@type\":\"SearchAction\",\"target\":{\"@type\":\"EntryPoint\",\"urlTemplate\":\"https:\/\/irprout.it\/?s={search_term_string}\"},\"query-input\":{\"@type\":\"PropertyValueSpecification\",\"valueRequired\":true,\"valueName\":\"search_term_string\"}}],\"inLanguage\":\"it-IT\"},{\"@type\":\"Organization\",\"@id\":\"https:\/\/irprout.it\/#organization\",\"name\":\"Istituto di Ricerca Prout\",\"url\":\"https:\/\/irprout.it\/\",\"logo\":{\"@type\":\"ImageObject\",\"inLanguage\":\"it-IT\",\"@id\":\"https:\/\/irprout.it\/#\/schema\/logo\/image\/\",\"url\":\"http:\/\/irprout.it\/wp-content\/uploads\/2014\/10\/logo_IRP_albero300Cor.jpg\",\"contentUrl\":\"http:\/\/irprout.it\/wp-content\/uploads\/2014\/10\/logo_IRP_albero300Cor.jpg\",\"width\":303,\"height\":304,\"caption\":\"Istituto di Ricerca Prout\"},\"image\":{\"@id\":\"https:\/\/irprout.it\/#\/schema\/logo\/image\/\"}},{\"@type\":\"Person\",\"@id\":\"https:\/\/irprout.it\/#\/schema\/person\/c29256b88f25238a0a5436e1dbe26555\",\"name\":\"Tarcisio Bonotto\",\"image\":{\"@type\":\"ImageObject\",\"inLanguage\":\"it-IT\",\"@id\":\"https:\/\/irprout.it\/#\/schema\/person\/image\/\",\"url\":\"https:\/\/secure.gravatar.com\/avatar\/8a341cc2c6188834b6220892d8c7f44835b971a191e4b4c7f0bdcf998648bf79?s=96&d=mm&r=g\",\"contentUrl\":\"https:\/\/secure.gravatar.com\/avatar\/8a341cc2c6188834b6220892d8c7f44835b971a191e4b4c7f0bdcf998648bf79?s=96&d=mm&r=g\",\"caption\":\"Tarcisio Bonotto\"},\"sameAs\":[\"http:\/\/irprout.it,www.prout.it\",\"https:\/\/it-it.facebook.com\/IRPROUT\",\"https:\/\/x.com\/#tarcisio.bonotto\"],\"url\":\"https:\/\/irprout.it\/?author=3\"}]}<\/script>\n<!-- \/ Yoast SEO plugin. -->","yoast_head_json":{"title":"Crisi energetica e prezzi - Istituto di Ricerca Prout","robots":{"index":"index","follow":"follow","max-snippet":"max-snippet:-1","max-image-preview":"max-image-preview:large","max-video-preview":"max-video-preview:-1"},"canonical":"https:\/\/irprout.it\/?p=7291","og_locale":"it_IT","og_type":"article","og_title":"Crisi energetica e prezzi - Istituto di Ricerca Prout","og_description":"[vc_row][vc_column][vc_empty_space][\/vc_column][\/vc_row][vc_row][vc_column][vc_custom_heading text=&#8221;Crisi energetica e prezzi&#8221; font_container=&#8221;tag:h1|text_align:left|color:%232136A0&#8243; google_fonts=&#8221;font_family:Anton%3Aregular|font_style:400%20regular%3A400%3Anormal&#8221; css=&#8221;&#8221;][\/vc_column][\/vc_row][vc_row][vc_column][vc_separator color=&#8221;green&#8221; style=&#8221;shadow&#8221; border_width=&#8221;2&#8243; css=&#8221;&#8221;][\/vc_column][\/vc_row][vc_row][vc_column][vc_column_text css=&#8221;.vc_custom_1734712120791{padding-top: 10px !important;padding-right: 15px !important;padding-bottom: 10px !important;padding-left: 15px !important;background-color: #EEEDED !important;}&#8221;]Nei giornali abbondano le notizie sull\u2019enorme aumento dei prezzi dell\u2019energia, che si riflette sulle bollette che consumatori e imprese sono costretti a pagare. Gli aumenti sono cos\u00ec rilevanti &hellip; Continua a leggere","og_url":"https:\/\/irprout.it\/?p=7291","og_site_name":"Istituto di Ricerca Prout","article_author":"https:\/\/it-it.facebook.com\/IRPROUT","article_published_time":"2024-12-20T16:38:14+00:00","article_modified_time":"2024-12-20T16:39:20+00:00","author":"Tarcisio Bonotto","twitter_misc":{"Scritto da":"Tarcisio Bonotto","Tempo di lettura stimato":"6 minuti"},"schema":{"@context":"https:\/\/schema.org","@graph":[{"@type":"Article","@id":"https:\/\/irprout.it\/?p=7291#article","isPartOf":{"@id":"https:\/\/irprout.it\/?p=7291"},"author":{"name":"Tarcisio Bonotto","@id":"https:\/\/irprout.it\/#\/schema\/person\/c29256b88f25238a0a5436e1dbe26555"},"headline":"Crisi energetica e prezzi","datePublished":"2024-12-20T16:38:14+00:00","dateModified":"2024-12-20T16:39:20+00:00","mainEntityOfPage":{"@id":"https:\/\/irprout.it\/?p=7291"},"wordCount":1051,"publisher":{"@id":"https:\/\/irprout.it\/#organization"},"articleSection":["Ambiente","Economia","Mondo"],"inLanguage":"it-IT"},{"@type":"WebPage","@id":"https:\/\/irprout.it\/?p=7291","url":"https:\/\/irprout.it\/?p=7291","name":"Crisi energetica e prezzi - Istituto di Ricerca Prout","isPartOf":{"@id":"https:\/\/irprout.it\/#website"},"datePublished":"2024-12-20T16:38:14+00:00","dateModified":"2024-12-20T16:39:20+00:00","breadcrumb":{"@id":"https:\/\/irprout.it\/?p=7291#breadcrumb"},"inLanguage":"it-IT","potentialAction":[{"@type":"ReadAction","target":["https:\/\/irprout.it\/?p=7291"]}]},{"@type":"BreadcrumbList","@id":"https:\/\/irprout.it\/?p=7291#breadcrumb","itemListElement":[{"@type":"ListItem","position":1,"name":"Home","item":"https:\/\/irprout.it\/"},{"@type":"ListItem","position":2,"name":"Crisi energetica e prezzi"}]},{"@type":"WebSite","@id":"https:\/\/irprout.it\/#website","url":"https:\/\/irprout.it\/","name":"Istituto di Ricerca Prout","description":"Istituto di Ricerca Prout","publisher":{"@id":"https:\/\/irprout.it\/#organization"},"potentialAction":[{"@type":"SearchAction","target":{"@type":"EntryPoint","urlTemplate":"https:\/\/irprout.it\/?s={search_term_string}"},"query-input":{"@type":"PropertyValueSpecification","valueRequired":true,"valueName":"search_term_string"}}],"inLanguage":"it-IT"},{"@type":"Organization","@id":"https:\/\/irprout.it\/#organization","name":"Istituto di Ricerca Prout","url":"https:\/\/irprout.it\/","logo":{"@type":"ImageObject","inLanguage":"it-IT","@id":"https:\/\/irprout.it\/#\/schema\/logo\/image\/","url":"http:\/\/irprout.it\/wp-content\/uploads\/2014\/10\/logo_IRP_albero300Cor.jpg","contentUrl":"http:\/\/irprout.it\/wp-content\/uploads\/2014\/10\/logo_IRP_albero300Cor.jpg","width":303,"height":304,"caption":"Istituto di Ricerca Prout"},"image":{"@id":"https:\/\/irprout.it\/#\/schema\/logo\/image\/"}},{"@type":"Person","@id":"https:\/\/irprout.it\/#\/schema\/person\/c29256b88f25238a0a5436e1dbe26555","name":"Tarcisio Bonotto","image":{"@type":"ImageObject","inLanguage":"it-IT","@id":"https:\/\/irprout.it\/#\/schema\/person\/image\/","url":"https:\/\/secure.gravatar.com\/avatar\/8a341cc2c6188834b6220892d8c7f44835b971a191e4b4c7f0bdcf998648bf79?s=96&d=mm&r=g","contentUrl":"https:\/\/secure.gravatar.com\/avatar\/8a341cc2c6188834b6220892d8c7f44835b971a191e4b4c7f0bdcf998648bf79?s=96&d=mm&r=g","caption":"Tarcisio Bonotto"},"sameAs":["http:\/\/irprout.it,www.prout.it","https:\/\/it-it.facebook.com\/IRPROUT","https:\/\/x.com\/#tarcisio.bonotto"],"url":"https:\/\/irprout.it\/?author=3"}]}},"_links":{"self":[{"href":"https:\/\/irprout.it\/index.php?rest_route=\/wp\/v2\/posts\/7291","targetHints":{"allow":["GET"]}}],"collection":[{"href":"https:\/\/irprout.it\/index.php?rest_route=\/wp\/v2\/posts"}],"about":[{"href":"https:\/\/irprout.it\/index.php?rest_route=\/wp\/v2\/types\/post"}],"author":[{"embeddable":true,"href":"https:\/\/irprout.it\/index.php?rest_route=\/wp\/v2\/users\/3"}],"replies":[{"embeddable":true,"href":"https:\/\/irprout.it\/index.php?rest_route=%2Fwp%2Fv2%2Fcomments&post=7291"}],"version-history":[{"count":8,"href":"https:\/\/irprout.it\/index.php?rest_route=\/wp\/v2\/posts\/7291\/revisions"}],"predecessor-version":[{"id":7301,"href":"https:\/\/irprout.it\/index.php?rest_route=\/wp\/v2\/posts\/7291\/revisions\/7301"}],"wp:attachment":[{"href":"https:\/\/irprout.it\/index.php?rest_route=%2Fwp%2Fv2%2Fmedia&parent=7291"}],"wp:term":[{"taxonomy":"category","embeddable":true,"href":"https:\/\/irprout.it\/index.php?rest_route=%2Fwp%2Fv2%2Fcategories&post=7291"},{"taxonomy":"post_tag","embeddable":true,"href":"https:\/\/irprout.it\/index.php?rest_route=%2Fwp%2Fv2%2Ftags&post=7291"}],"curies":[{"name":"wp","href":"https:\/\/api.w.org\/{rel}","templated":true}]}}